{"id":36056,"date":"2025-06-18T18:15:52","date_gmt":"2025-06-18T15:15:52","guid":{"rendered":"https:\/\/www.egemtv.com\/?p=36056"},"modified":"2025-06-18T18:15:57","modified_gmt":"2025-06-18T15:15:57","slug":"bakan-goktas-afyon-mermeri-sadece-yurt-icinde-degil-uluslararasi-alanda-da-taninacak","status":"publish","type":"post","link":"https:\/\/www.egemtv.com\/?p=36056","title":{"rendered":"Bakan G\u00f6kta\u015f: &#8220;Afyon mermeri sadece yurt i\u00e7inde de\u011fil uluslararas\u0131 alanda da tan\u0131nacak&#8221;"},"content":{"rendered":"<p>Aile ve Sosyal Hizmetler Bakan\u0131 Mahinur \u00d6zdemir G\u00f6kta\u015f, 217 firman\u0131n kat\u0131ld\u0131\u011f\u0131 Afyonkarahisar Blok Mermer Fuar\u0131 gibi organizasyonlarla Afyon mermerinin sadece yurt i\u00e7inde de\u011fil ayn\u0131 zamanda uluslararas\u0131 alanda daha fazla \u00fclke de tan\u0131naca\u011f\u0131na inand\u0131\u011f\u0131n\u0131 s\u00f6yledi.<br \/>\n<br \/>Bakan G\u00f6kta\u015f, bug\u00fcn kap\u0131lar\u0131n\u0131 a\u00e7an Afyonkarahisar Blok Mermer Fuar\u0131\u2019n\u0131 ziyaret etti. Ziyarette Bakan G\u00f6kta\u015f\u2019a Vali Do\u00e7. Dr. K\u00fcbra G\u00fcran Yi\u011fitba\u015f\u0131, milletvekilleri ve protokol \u00fcyeleri de e\u015flik etti. Fuar\u0131 gezen Bakan G\u00f6kta\u015f, mermerden yap\u0131lan objeleri g\u00f6r\u00fcnce hayranl\u0131\u011f\u0131n\u0131 gizleyemedi. \u0130scehisar Mermerciler Derne\u011fi Ba\u015fkan\u0131 Remzi \u00d6zcan, fuarda olu\u015fturulan \u2018Karamehmet Sanat Soka\u011f\u0131\u2019 isimli b\u00f6l\u00fcmde sanat\u00e7\u0131lar taraf\u0131ndan mermerden yap\u0131lan motosiklet ve hayvan fig\u00fcrleri hakk\u0131nda Bakan G\u00f6kta\u015f\u2019a bilgi verdi. Bir\u00e7ok firman\u0131n stand\u0131n\u0131 gezen Bakan G\u00f6kta\u015f ziyaret sonunda gazetecilere fuarla ilgili a\u00e7\u0131klamalarda bulundu. Fuar\u0131n Afyonkarahisar ekonomisi i\u00e7in \u00e7ok \u00f6nemli oldu\u011funa dikkat \u00e7eken Bakan G\u00f6kta\u015f, fuar\u0131n Afyonkarahisar\u2019\u0131n mermerinin sergilendi\u011fi ilk fuar oldu\u011funu vurgulad\u0131.<\/p>\n<p>&#8220;Fuar ayn\u0131 zamanda uluslararas\u0131 boyutta da duyuldu&#8221;<br \/>\n<br \/>A\u00e7\u0131klamas\u0131nda ayr\u0131ca Afyonkarahisar\u2019\u0131n mermerin ba\u015fkenti say\u0131labilecek kentlerden birisi oldu\u011funa vurgu yapan Bakan G\u00f6kta\u015f \u015funlar\u0131 s\u00f6yledi:<br \/>\n<br \/>&#8220;Fuara T\u00fcrkiye\u2019den 217 firma kat\u0131ld\u0131\u011f\u0131n\u0131 biliyoruz. Fuar ayn\u0131 zamanda uluslararas\u0131 boyutta da duyuldu \u00e7\u00fcnk\u00fc fuar\u0131 yabanc\u0131 firmalarda ziyaret ediyor. Asl\u0131nda Afyonkarahisar\u2019\u0131n de\u011ferleri, k\u00fclt\u00fcr\u00fc ve 100\u2019lerce y\u0131ll\u0131k mermer ge\u00e7mi\u015fi a\u00e7\u0131s\u0131ndan bu fuar\u0131n burada ilkinin yap\u0131lmas\u0131 \u00e7ok \u00f6nemli. Ben ilk defa yap\u0131lan bu fuar\u0131n daimi ve kal\u0131c\u0131 olmas\u0131 bizler i\u00e7in \u00e7ok \u00e7ok \u00f6nemli. Fuarda eme\u011fi ge\u00e7en firmalar\u0131m\u0131za, STK\u2019lar\u0131m\u0131z \u00e7ok te\u015fekk\u00fcr ediyorum. Bu fuar sayesinde \u00f6n\u00fcm\u00fczdeki y\u0131llarda Afyon mermerinin sadece \u00fclkemizde de\u011fil ayn\u0131 zamanda uluslararas\u0131 alanda daha fazla \u00fclke de tan\u0131naca\u011f\u0131na ben y\u00fcrekten inan\u0131yorum.&#8221;<br \/><\/p>\n","protected":false},"excerpt":{"rendered":"<p>Aile ve Sosyal Hizmetler Bakan\u0131 Mahinur \u00d6zdemir G\u00f6kta\u015f, 217 firman\u0131n kat\u0131ld\u0131\u011f\u0131 Afyonkarahisar Blok Mermer Fuar\u0131 gibi organizasyonlarla Afyon mermerinin sadece yurt i\u00e7inde de\u011fil ayn\u0131 zamanda uluslararas\u0131 alanda daha fazla \u00fclke de tan\u0131naca\u011f\u0131na inand\u0131\u011f\u0131n\u0131 s\u00f6yledi. Bakan G\u00f6kta\u015f, bug\u00fcn kap\u0131lar\u0131n\u0131 a\u00e7an Afyonkarahisar Blok Mermer Fuar\u0131\u2019n\u0131 ziyaret etti. Ziyarette Bakan G\u00f6kta\u015f\u2019a Vali Do\u00e7. Dr. K\u00fcbra G\u00fcran Yi\u011fitba\u015f\u0131, milletvekilleri&#8230;<\/p>\n","protected":false},"author":1,"featured_media":36057,"comment_status":"open","ping_status":"open","sticky":false,"template":"","format":"standard","meta":{"_crdt_document":"","footnotes":""},"categories":[1],"tags":[],"class_list":["post-36056","post","type-post","status-publish","format-standard","has-post-thumbnail","hentry","category-guncel"],"_links":{"self":[{"href":"https:\/\/www.egemtv.com\/index.php?rest_route=\/wp\/v2\/posts\/36056","targetHints":{"allow":["GET"]}}],"collection":[{"href":"https:\/\/www.egemtv.com\/index.php?rest_route=\/wp\/v2\/posts"}],"about":[{"href":"https:\/\/www.egemtv.com\/index.php?rest_route=\/wp\/v2\/types\/post"}],"author":[{"embeddable":true,"href":"https:\/\/www.egemtv.com\/index.php?rest_route=\/wp\/v2\/users\/1"}],"replies":[{"embeddable":true,"href":"https:\/\/www.egemtv.com\/index.php?rest_route=%2Fwp%2Fv2%2Fcomments&post=36056"}],"version-history":[{"count":1,"href":"https:\/\/www.egemtv.com\/index.php?rest_route=\/wp\/v2\/posts\/36056\/revisions"}],"predecessor-version":[{"id":36058,"href":"https:\/\/www.egemtv.com\/index.php?rest_route=\/wp\/v2\/posts\/36056\/revisions\/36058"}],"wp:featuredmedia":[{"embeddable":true,"href":"https:\/\/www.egemtv.com\/index.php?rest_route=\/wp\/v2\/media\/36057"}],"wp:attachment":[{"href":"https:\/\/www.egemtv.com\/index.php?rest_route=%2Fwp%2Fv2%2Fmedia&parent=36056"}],"wp:term":[{"taxonomy":"category","embeddable":true,"href":"https:\/\/www.egemtv.com\/index.php?rest_route=%2Fwp%2Fv2%2Fcategories&post=36056"},{"taxonomy":"post_tag","embeddable":true,"href":"https:\/\/www.egemtv.com\/index.php?rest_route=%2Fwp%2Fv2%2Ftags&post=36056"}],"curies":[{"name":"wp","href":"https:\/\/api.w.org\/{rel}","templated":true}]}}