{"id":36053,"date":"2025-06-18T17:55:47","date_gmt":"2025-06-18T14:55:47","guid":{"rendered":"https:\/\/www.egemtv.com\/?p=36053"},"modified":"2025-06-18T17:55:51","modified_gmt":"2025-06-18T14:55:51","slug":"marmarisin-binlerce-yillik-hafizasi-gun-yuzune-cikmaya-devam-ediyor","status":"publish","type":"post","link":"https:\/\/www.egemtv.com\/?p=36053","title":{"rendered":"Marmaris\u2019in binlerce y\u0131ll\u0131k haf\u0131zas\u0131 g\u00fcn y\u00fcz\u00fcne \u00e7\u0131kmaya devam ediyor"},"content":{"rendered":"<p>Mu\u011fla\u2019n\u0131n Marmaris il\u00e7esinde faaliyet g\u00f6steren Marmaris Ticaret Odas\u0131 Ba\u015fkanl\u0131\u011f\u0131 \u00f6nc\u00fcl\u00fc\u011f\u00fcnde, Amos, Phoenix ve Kedreai antik kentlerinde arkeolojik \u00e7al\u0131\u015fmalar h\u0131z kesmeden devam ediyor.<\/p>\n<p>Yaln\u0131zca do\u011fal g\u00fczellikleriyle de\u011fil, tarihiyle de \u00f6nemli turizm kentlerinden olan Marmaris\u2019in  \u00fc\u00e7 \u00f6nemli antik yerle\u015fiminde Amos, Phoenix ve Kedreai b\u00f6lgelerinde y\u00fcr\u00fct\u00fclen kaz\u0131 \u00e7al\u0131\u015fmalar\u0131yla b\u00f6lgenin binlerce y\u0131ll\u0131k ge\u00e7mi\u015fi yeniden g\u00fcn y\u00fcz\u00fcne \u00e7\u0131kar\u0131l\u0131yor. K\u00fclt\u00fcr ve Turizm Bakanl\u0131\u011f\u0131\u2019n\u0131n deste\u011fiyle, Marmaris Ticaret Odas\u0131 \u00f6nc\u00fcl\u00fc\u011f\u00fcnde, ve farkl\u0131 payda\u015flar\u0131n katk\u0131s\u0131yla s\u00fcrd\u00fcr\u00fclen bu \u00e7al\u0131\u015fmalar, Marmaris\u2019in k\u00fclt\u00fcrel miras\u0131n\u0131 gelece\u011fe ta\u015f\u0131may\u0131 hedefliyor.<\/p>\n<p>Amos Antik Kenti\u2019nde gece de tarih ya\u015fan\u0131yor<br \/>\n<br \/>Gelece\u011fe Miras Projesi kapsam\u0131nda desteklenen Amos Kaz\u0131s\u0131, Marmaris Ticaret Odas\u0131 \u00f6nc\u00fcl\u00fc\u011f\u00fcnde, Marmaris Belediyesi sponsorlu\u011funda ve Mu\u011fla S\u0131tk\u0131 Ko\u00e7man \u00dcniversitesi \u00f6\u011fretim g\u00f6revlisi Do\u00e7.Dr. Mehmet G\u00fcrb\u00fczer kaz\u0131 ba\u015fkanl\u0131\u011f\u0131nda s\u00fcrd\u00fcr\u00fcl\u00fcyor. Kaz\u0131larda bu y\u0131l, 2022\u2019de ba\u015flanan tiyatro yap\u0131s\u0131n\u0131n orkestra b\u00f6l\u00fcm\u00fc \u00e7evre d\u00fczenlemesi tamamland\u0131. Kentin orta teras\u0131nda bulunan Apollon Samnaios Tap\u0131na\u011f\u0131 \u00e7evresinde de \u00e7al\u0131\u015fmalar ba\u015flad\u0131.<\/p>\n<p>Tiyatro sahne binas\u0131, Athena Kutsal Alan\u0131 ve kuzey surlarda kaz\u0131, sondaj ve belgeleme faaliyetleri s\u00fcrerken, mimari kal\u0131nt\u0131larda basit koruma uygulamalar\u0131 da ger\u00e7ekle\u015ftiriliyor. Ziyaret\u00e7ilerin kenti daha rahat deneyimleyebilmesi i\u00e7in y\u00fcr\u00fcy\u00fc\u015f g\u00fczerg\u00e2hlar\u0131 yenileniyor. Antik kentte yap\u0131lan ayd\u0131nlatma \u00e7al\u0131\u015fmalar\u0131 sayesinde Amos art\u0131k geceleri de ziyaret edilebiliyor.<\/p>\n<p>Phoenix\u2019te \u00e7ifte akropol sistemi g\u00fcn y\u00fcz\u00fcne \u00e7\u0131kt\u0131<br \/>\n<br \/>Phoenix Antik Kenti\u2019nde y\u00fcr\u00fct\u00fclen arkeolojik \u00e7al\u0131\u015fmalar, Penn Museum ad\u0131na Dr. Asil Yaman ba\u015fkanl\u0131\u011f\u0131ndaki uluslararas\u0131 ekip taraf\u0131ndan, K\u00fclt\u00fcr ve Turizm Bakanl\u0131\u011f\u0131 izniyle s\u00fcrd\u00fcr\u00fcl\u00fcyor. 2021\u2019den bu yana devam eden kaz\u0131larda kentin ana akropol\u00fc olan Hisartepe ve do\u011fu yama\u00e7lar\u0131ndaki nekropoller g\u00fcn y\u00fcz\u00fcne \u00e7\u0131kar\u0131ld\u0131.<\/p>\n<p>2024 y\u0131l\u0131nda, Kaleda\u011f\u2019da ikinci bir akropol ile Kybele kutsal alan\u0131 tespit edildi. B\u00f6ylece Phoenix\u2019in nadir g\u00f6r\u00fclen \u00e7ifte akropol sistemine sahip oldu\u011fu belgelendi. 2025 sezonunda ise kuzey k\u0131rsalda bulunan 23 yeni kitabe sayesinde Phoenix\u2019in Rodos ve Akdeniz kentleriyle olan ili\u015fkileri g\u00fcn \u0131\u015f\u0131\u011f\u0131na \u00e7\u0131kar\u0131ld\u0131. Ayr\u0131ca Apollon, Zeus, Athena, Dionysos, Aphrodite ve Kybele gibi tanr\u0131lara adanm\u0131\u015f kutsal alanlar, kentin \u00e7ok tanr\u0131l\u0131 ve \u00e7ok k\u00fclt\u00fcrl\u00fc yap\u0131s\u0131n\u0131 ortaya koydu.<\/p>\n<p>Kedreai\u2019de k\u00fclt\u00fcrel miras g\u00f6r\u00fcn\u00fcr k\u0131l\u0131n\u0131yor<br \/>\n<br \/>2024 y\u0131l\u0131nda Cumhurba\u015fkanl\u0131\u011f\u0131 Kararnamesi ile kaz\u0131 stat\u00fc kazananan Sedir Adas\u0131\u2019nda yer alan Kedreai Antik Kenti\u2019nde 2025 y\u0131l\u0131 kaz\u0131 sezonu 23 Haziran\u2019da ba\u015fl\u0131yor. 2017\u2019den bu yana d\u00f6nemsel olarak s\u00fcrd\u00fcr\u00fclen kaz\u0131lar, antik kentin farkl\u0131 b\u00f6lgelerinde \u00f6nemli ipu\u00e7lar\u0131 veriyor.<\/p>\n<p>Ge\u00e7ti\u011fimiz y\u0131l ba\u015flat\u0131lan tiyatro ge\u00e7 d\u00f6nem yap\u0131 kompleksi ve do\u011fu tepesi kaz\u0131lar\u0131 bu y\u0131l daha da derinle\u015ftirilecek. Ayr\u0131ca b\u00fcy\u00fck bazilika alan\u0131nda yeni ara\u015ft\u0131rmalarla kentin mimari yap\u0131s\u0131 daha net \u015fekilde ortaya \u00e7\u0131kar\u0131lacak. Sedir Adas\u0131\u2019n\u0131n sadece Kleopatra Plaj\u0131 ile de\u011fil, tarihi ve k\u00fclt\u00fcrel dokusuyla da an\u0131lmas\u0131 i\u00e7in \u00e7al\u0131\u015fmalar titizlikle ve h\u0131zla s\u00fcrd\u00fcr\u00fcl\u00fcyor.<\/p>\n<p>Marmaris Ticaret Odas\u0131 y\u00f6netimi k\u00fclt\u00fcr ve tarih kenti Marmaris i\u00e7in desteklerine devam edeceklerini belirtirken Kaz\u0131 ba\u015fkanlar\u0131 ve ekiplerine ayr\u0131ca Cumhurba\u015fkanl\u0131\u011f\u0131 ba\u015fta olmak \u00fczere K\u00fclt\u00fcr ve Turizm Bakanl\u0131\u011f\u0131na da te\u015fekk\u00fcrlerini iletti.<br \/><\/p>\n","protected":false},"excerpt":{"rendered":"<p>Mu\u011fla\u2019n\u0131n Marmaris il\u00e7esinde faaliyet g\u00f6steren Marmaris Ticaret Odas\u0131 Ba\u015fkanl\u0131\u011f\u0131 \u00f6nc\u00fcl\u00fc\u011f\u00fcnde, Amos, Phoenix ve Kedreai antik kentlerinde arkeolojik \u00e7al\u0131\u015fmalar h\u0131z kesmeden devam ediyor. Yaln\u0131zca do\u011fal g\u00fczellikleriyle de\u011fil, tarihiyle de \u00f6nemli turizm kentlerinden olan Marmaris\u2019in \u00fc\u00e7 \u00f6nemli antik yerle\u015fiminde Amos, Phoenix ve Kedreai b\u00f6lgelerinde y\u00fcr\u00fct\u00fclen kaz\u0131 \u00e7al\u0131\u015fmalar\u0131yla b\u00f6lgenin binlerce y\u0131ll\u0131k ge\u00e7mi\u015fi yeniden g\u00fcn y\u00fcz\u00fcne \u00e7\u0131kar\u0131l\u0131yor. K\u00fclt\u00fcr ve&#8230;<\/p>\n","protected":false},"author":1,"featured_media":36054,"comment_status":"open","ping_status":"open","sticky":false,"template":"","format":"standard","meta":{"_crdt_document":"","footnotes":""},"categories":[1],"tags":[],"class_list":["post-36053","post","type-post","status-publish","format-standard","has-post-thumbnail","hentry","category-guncel"],"_links":{"self":[{"href":"https:\/\/www.egemtv.com\/index.php?rest_route=\/wp\/v2\/posts\/36053","targetHints":{"allow":["GET"]}}],"collection":[{"href":"https:\/\/www.egemtv.com\/index.php?rest_route=\/wp\/v2\/posts"}],"about":[{"href":"https:\/\/www.egemtv.com\/index.php?rest_route=\/wp\/v2\/types\/post"}],"author":[{"embeddable":true,"href":"https:\/\/www.egemtv.com\/index.php?rest_route=\/wp\/v2\/users\/1"}],"replies":[{"embeddable":true,"href":"https:\/\/www.egemtv.com\/index.php?rest_route=%2Fwp%2Fv2%2Fcomments&post=36053"}],"version-history":[{"count":1,"href":"https:\/\/www.egemtv.com\/index.php?rest_route=\/wp\/v2\/posts\/36053\/revisions"}],"predecessor-version":[{"id":36055,"href":"https:\/\/www.egemtv.com\/index.php?rest_route=\/wp\/v2\/posts\/36053\/revisions\/36055"}],"wp:featuredmedia":[{"embeddable":true,"href":"https:\/\/www.egemtv.com\/index.php?rest_route=\/wp\/v2\/media\/36054"}],"wp:attachment":[{"href":"https:\/\/www.egemtv.com\/index.php?rest_route=%2Fwp%2Fv2%2Fmedia&parent=36053"}],"wp:term":[{"taxonomy":"category","embeddable":true,"href":"https:\/\/www.egemtv.com\/index.php?rest_route=%2Fwp%2Fv2%2Fcategories&post=36053"},{"taxonomy":"post_tag","embeddable":true,"href":"https:\/\/www.egemtv.com\/index.php?rest_route=%2Fwp%2Fv2%2Ftags&post=36053"}],"curies":[{"name":"wp","href":"https:\/\/api.w.org\/{rel}","templated":true}]}}