{"id":36050,"date":"2025-06-18T17:55:42","date_gmt":"2025-06-18T14:55:42","guid":{"rendered":"https:\/\/www.egemtv.com\/?p=36050"},"modified":"2025-06-18T17:55:47","modified_gmt":"2025-06-18T14:55:47","slug":"aydinin-cografi-isaretli-urunleri-baskentte-tanitildi","status":"publish","type":"post","link":"https:\/\/www.egemtv.com\/?p=36050","title":{"rendered":"Ayd\u0131n\u2019\u0131n Co\u011frafi \u0130\u015faretli \u00fcr\u00fcnleri ba\u015fkentte tan\u0131t\u0131ld\u0131"},"content":{"rendered":"<p>Ayd\u0131n\u2019\u0131n co\u011frafi i\u015faretle tescillenen \u00fcr\u00fcnleri, hem ulusal hem de uluslararas\u0131 alanda ilgi g\u00f6rmeye devam ederken, 32 Co\u011frafi \u0130\u015faretli \u00fcr\u00fcn\u00fc ba\u015fkentte tan\u0131t\u0131ld\u0131.<\/p>\n<p>Ayd\u0131n \u0130l Tar\u0131m ve Orman M\u00fcd\u00fcrl\u00fc\u011f\u00fc, D\u00fcnya G\u0131da G\u00fcvenilirli\u011fi G\u00fcn\u00fc dolay\u0131s\u0131yla Ankara\u2019da d\u00fczenlenen etkinlikte a\u00e7t\u0131\u011f\u0131 stantla Ayd\u0131n\u2019\u0131n co\u011frafi i\u015faretli \u00fcr\u00fcnlerini tan\u0131tt\u0131. Toplam 32 co\u011frafi i\u015faretli \u00fcr\u00fcn\u00fcyle T\u00fcrkiye\u2019nin \u00f6nde gelen tar\u0131m kentlerinden biri olan Ayd\u0131n, ba\u015fkentlilere zengin \u00fcr\u00fcn \u00e7e\u015fitlili\u011fini tan\u0131tma f\u0131rsat\u0131 buldu. Tan\u0131t\u0131m stand\u0131n\u0131 ziyaret eden kat\u0131l\u0131mc\u0131lar, Ayd\u0131n\u2019a \u00f6zg\u00fc incir, zeytinya\u011f\u0131, kestane \u015fekeri ve daha bir\u00e7ok tescilli \u00fcr\u00fcn hakk\u0131nda bilgi ald\u0131, \u00fcr\u00fcnlerin lezzetini tatma \u015fans\u0131 yakalad\u0131. Ayd\u0131n \u0130l Tar\u0131m ve Orman M\u00fcd\u00fcrl\u00fc\u011f\u00fc yetkilileri, yerel \u00fcr\u00fcnlerin de\u011ferini art\u0131rmak ve marka bilinirli\u011fini art\u0131rmak amac\u0131yla bu t\u00fcr etkinliklerde yer almaya devam edeceklerini belirtti. Etkinli\u011fe kat\u0131lan vatanda\u015flar ise Ayd\u0131n\u2019\u0131n \u00fcr\u00fcn \u00e7e\u015fitlili\u011fi ve kalitesine hayran kald\u0131klar\u0131n\u0131 ifade ederek, tan\u0131t\u0131m stand\u0131na g\u00f6sterilen ilgiden memnuniyet duyduklar\u0131n\u0131 dile getirdi.<br \/><\/p>\n","protected":false},"excerpt":{"rendered":"<p>Ayd\u0131n\u2019\u0131n co\u011frafi i\u015faretle tescillenen \u00fcr\u00fcnleri, hem ulusal hem de uluslararas\u0131 alanda ilgi g\u00f6rmeye devam ederken, 32 Co\u011frafi \u0130\u015faretli \u00fcr\u00fcn\u00fc ba\u015fkentte tan\u0131t\u0131ld\u0131. Ayd\u0131n \u0130l Tar\u0131m ve Orman M\u00fcd\u00fcrl\u00fc\u011f\u00fc, D\u00fcnya G\u0131da G\u00fcvenilirli\u011fi G\u00fcn\u00fc dolay\u0131s\u0131yla Ankara\u2019da d\u00fczenlenen etkinlikte a\u00e7t\u0131\u011f\u0131 stantla Ayd\u0131n\u2019\u0131n co\u011frafi i\u015faretli \u00fcr\u00fcnlerini tan\u0131tt\u0131. Toplam 32 co\u011frafi i\u015faretli \u00fcr\u00fcn\u00fcyle T\u00fcrkiye\u2019nin \u00f6nde gelen tar\u0131m kentlerinden biri olan Ayd\u0131n,&#8230;<\/p>\n","protected":false},"author":1,"featured_media":36051,"comment_status":"open","ping_status":"open","sticky":false,"template":"","format":"standard","meta":{"_crdt_document":"","footnotes":""},"categories":[125],"tags":[],"class_list":["post-36050","post","type-post","status-publish","format-standard","has-post-thumbnail","hentry","category-ekonomi"],"_links":{"self":[{"href":"https:\/\/www.egemtv.com\/index.php?rest_route=\/wp\/v2\/posts\/36050","targetHints":{"allow":["GET"]}}],"collection":[{"href":"https:\/\/www.egemtv.com\/index.php?rest_route=\/wp\/v2\/posts"}],"about":[{"href":"https:\/\/www.egemtv.com\/index.php?rest_route=\/wp\/v2\/types\/post"}],"author":[{"embeddable":true,"href":"https:\/\/www.egemtv.com\/index.php?rest_route=\/wp\/v2\/users\/1"}],"replies":[{"embeddable":true,"href":"https:\/\/www.egemtv.com\/index.php?rest_route=%2Fwp%2Fv2%2Fcomments&post=36050"}],"version-history":[{"count":1,"href":"https:\/\/www.egemtv.com\/index.php?rest_route=\/wp\/v2\/posts\/36050\/revisions"}],"predecessor-version":[{"id":36052,"href":"https:\/\/www.egemtv.com\/index.php?rest_route=\/wp\/v2\/posts\/36050\/revisions\/36052"}],"wp:featuredmedia":[{"embeddable":true,"href":"https:\/\/www.egemtv.com\/index.php?rest_route=\/wp\/v2\/media\/36051"}],"wp:attachment":[{"href":"https:\/\/www.egemtv.com\/index.php?rest_route=%2Fwp%2Fv2%2Fmedia&parent=36050"}],"wp:term":[{"taxonomy":"category","embeddable":true,"href":"https:\/\/www.egemtv.com\/index.php?rest_route=%2Fwp%2Fv2%2Fcategories&post=36050"},{"taxonomy":"post_tag","embeddable":true,"href":"https:\/\/www.egemtv.com\/index.php?rest_route=%2Fwp%2Fv2%2Ftags&post=36050"}],"curies":[{"name":"wp","href":"https:\/\/api.w.org\/{rel}","templated":true}]}}