{"id":36047,"date":"2025-06-18T17:55:37","date_gmt":"2025-06-18T14:55:37","guid":{"rendered":"https:\/\/www.egemtv.com\/?p=36047"},"modified":"2025-06-18T17:55:42","modified_gmt":"2025-06-18T14:55:42","slug":"karacasu-yazir-mahallesinde-su-sorunu-cozuldu","status":"publish","type":"post","link":"https:\/\/www.egemtv.com\/?p=36047","title":{"rendered":"Karacasu Yaz\u0131r Mahallesi\u2019nde su sorunu \u00e7\u00f6z\u00fcld\u00fc"},"content":{"rendered":"<p>Ayd\u0131n\u2019\u0131n Karacasu il\u00e7esi Yaz\u0131r Mahallesi\u2019nde ger\u00e7ekle\u015ftirilen 5 su kayna\u011f\u0131ndan olumlu sonu\u00e7 al\u0131n\u0131rken, mahallenin su ihtiyac\u0131 b\u00fcy\u00fck \u00f6l\u00e7\u00fcde kar\u015f\u0131land\u0131.<\/p>\n<p>Ayd\u0131n\u2019\u0131n Karacasu il\u00e7esine ba\u011fl\u0131 Yaz\u0131r Mahallesi\u2019nde ya\u015fanan su ihtiyac\u0131na kal\u0131c\u0131 \u00e7\u00f6z\u00fcm sa\u011fland\u0131. Mahallede Ayd\u0131n Su ve Kanalizasyon \u0130daresi (ASK\u0130) ekipleri taraf\u0131ndan ger\u00e7ekle\u015ftirilen 5 ayr\u0131 su kayna\u011f\u0131 \u00e7al\u0131\u015fmas\u0131n\u0131n tamam\u0131 olumlu sonu\u00e7 verdi. Yeni kaynaklarla birlikte Yaz\u0131r Mahallesi\u2019nin su ihtiyac\u0131 b\u00fcy\u00fck \u00f6l\u00e7\u00fcde kar\u015f\u0131lan\u0131rken, Yaz\u0131r Mahallesi sakinleri, \u00e7al\u0131\u015fmalar\u0131n tamamlanmas\u0131yla birlikte \u00f6zellikle yaz aylar\u0131nda ya\u015fanan su s\u0131k\u0131nt\u0131s\u0131n\u0131n b\u00fcy\u00fck \u00f6l\u00e7\u00fcde sona erdi\u011fini ifade ederek memnuniyetlerini dile getirdi.<\/p>\n<p>Konu ile ilgili Karacasu Belediyesi\u2019nden yap\u0131lan a\u00e7\u0131klamada &#8220;Yaz\u0131r Mahallemize 5 yeni su kayna\u011f\u0131 kazand\u0131r\u0131ld\u0131. Yaz\u0131r Mahallemizde ASK\u0130 ekiplerimiz taraf\u0131ndan ger\u00e7ekle\u015ftirilen 5 adet su kayna\u011f\u0131 \u00e7al\u0131\u015fmas\u0131n\u0131n tamam\u0131ndan olumlu sonu\u00e7 al\u0131nm\u0131\u015f, mahallemizin su ihtiyac\u0131 b\u00fcy\u00fck \u00f6l\u00e7\u00fcde kar\u015f\u0131lanm\u0131\u015ft\u0131r. Bu \u00f6nemli hizmet dolay\u0131s\u0131yla ba\u015fta Ayd\u0131n B\u00fcy\u00fck\u015fehir Belediye Ba\u015fkan\u0131m\u0131z \u00d6zlem \u00c7er\u00e7io\u011flu\u2019na ve sahada \u00f6zveriyle g\u00f6rev yapan Karacasu ASK\u0130 ekiplerine te\u015fekk\u00fcr ederiz&#8221; ifadeleri yer ald\u0131.<br \/><\/p>\n","protected":false},"excerpt":{"rendered":"<p>Ayd\u0131n\u2019\u0131n Karacasu il\u00e7esi Yaz\u0131r Mahallesi\u2019nde ger\u00e7ekle\u015ftirilen 5 su kayna\u011f\u0131ndan olumlu sonu\u00e7 al\u0131n\u0131rken, mahallenin su ihtiyac\u0131 b\u00fcy\u00fck \u00f6l\u00e7\u00fcde kar\u015f\u0131land\u0131. Ayd\u0131n\u2019\u0131n Karacasu il\u00e7esine ba\u011fl\u0131 Yaz\u0131r Mahallesi\u2019nde ya\u015fanan su ihtiyac\u0131na kal\u0131c\u0131 \u00e7\u00f6z\u00fcm sa\u011fland\u0131. Mahallede Ayd\u0131n Su ve Kanalizasyon \u0130daresi (ASK\u0130) ekipleri taraf\u0131ndan ger\u00e7ekle\u015ftirilen 5 ayr\u0131 su kayna\u011f\u0131 \u00e7al\u0131\u015fmas\u0131n\u0131n tamam\u0131 olumlu sonu\u00e7 verdi. Yeni kaynaklarla birlikte Yaz\u0131r Mahallesi\u2019nin su&#8230;<\/p>\n","protected":false},"author":1,"featured_media":36048,"comment_status":"open","ping_status":"open","sticky":false,"template":"","format":"standard","meta":{"_crdt_document":"","footnotes":""},"categories":[1],"tags":[],"class_list":["post-36047","post","type-post","status-publish","format-standard","has-post-thumbnail","hentry","category-guncel"],"_links":{"self":[{"href":"https:\/\/www.egemtv.com\/index.php?rest_route=\/wp\/v2\/posts\/36047","targetHints":{"allow":["GET"]}}],"collection":[{"href":"https:\/\/www.egemtv.com\/index.php?rest_route=\/wp\/v2\/posts"}],"about":[{"href":"https:\/\/www.egemtv.com\/index.php?rest_route=\/wp\/v2\/types\/post"}],"author":[{"embeddable":true,"href":"https:\/\/www.egemtv.com\/index.php?rest_route=\/wp\/v2\/users\/1"}],"replies":[{"embeddable":true,"href":"https:\/\/www.egemtv.com\/index.php?rest_route=%2Fwp%2Fv2%2Fcomments&post=36047"}],"version-history":[{"count":1,"href":"https:\/\/www.egemtv.com\/index.php?rest_route=\/wp\/v2\/posts\/36047\/revisions"}],"predecessor-version":[{"id":36049,"href":"https:\/\/www.egemtv.com\/index.php?rest_route=\/wp\/v2\/posts\/36047\/revisions\/36049"}],"wp:featuredmedia":[{"embeddable":true,"href":"https:\/\/www.egemtv.com\/index.php?rest_route=\/wp\/v2\/media\/36048"}],"wp:attachment":[{"href":"https:\/\/www.egemtv.com\/index.php?rest_route=%2Fwp%2Fv2%2Fmedia&parent=36047"}],"wp:term":[{"taxonomy":"category","embeddable":true,"href":"https:\/\/www.egemtv.com\/index.php?rest_route=%2Fwp%2Fv2%2Fcategories&post=36047"},{"taxonomy":"post_tag","embeddable":true,"href":"https:\/\/www.egemtv.com\/index.php?rest_route=%2Fwp%2Fv2%2Ftags&post=36047"}],"curies":[{"name":"wp","href":"https:\/\/api.w.org\/{rel}","templated":true}]}}