{"id":36044,"date":"2025-06-18T17:36:31","date_gmt":"2025-06-18T14:36:31","guid":{"rendered":"https:\/\/www.egemtv.com\/?p=36044"},"modified":"2025-06-18T17:36:35","modified_gmt":"2025-06-18T14:36:35","slug":"baskan-kahveciden-ak-parti-il-baskanligina-ziyaret","status":"publish","type":"post","link":"https:\/\/www.egemtv.com\/?p=36044","title":{"rendered":"Ba\u015fkan Kahveci\u2019den AK Parti \u0130l Ba\u015fkanl\u0131\u011f\u0131\u2019na ziyaret"},"content":{"rendered":"<p>K\u00fctahya Belediye Ba\u015fkan\u0131 Ey\u00fcp Kahveci, AK Parti K\u00fctahya \u0130l Ba\u015fkanl\u0131\u011f\u0131\u2019na iade-i ziyarette bulundu.<br \/>\n<br \/>Ziyaretin ard\u0131ndan a\u00e7\u0131klamalarda bulunan AK Parti K\u00fctahya \u0130l Ba\u015fkan\u0131 Ceyda \u00c7etin Erenler, &#8220;Partimize iade-i ziyarette bulunan, K\u00fctahya Belediye Ba\u015fkan\u0131 Say\u0131n Ey\u00fcp Kahveci\u2019yi \u0130l Ba\u015fkanl\u0131\u011f\u0131m\u0131zda kabul ettik. \u015eehrimize hizmet s\u00f6z konusu oldu\u011funda, AK Parti olarak her zaman siyaset \u00fcst\u00fc bir anlay\u0131\u015fla hareket ediyor, hem\u015fehrilerimizin yarar\u0131na olacak her ad\u0131m\u0131 destekliyoruz. K\u00fctahya\u2019n\u0131n kalk\u0131nmas\u0131, huzuru ve refah\u0131 i\u00e7in ortak ak\u0131lla \u00e7al\u0131\u015fmaya, \u015fehrimize de\u011fer katacak her i\u015fin takip\u00e7isi olmaya bundan sonra da devam edece\u011fiz&#8221; ifadelerini kulland\u0131.<br \/>\n<br \/>Ziyaret kapsam\u0131nda, \u015fehirde y\u00fcr\u00fct\u00fclen hizmetler ve projelere ili\u015fkin kar\u015f\u0131l\u0131kl\u0131 fikir al\u0131\u015fveri\u015finde bulunuldu. G\u00f6r\u00fc\u015fmenin, K\u00fctahya\u2019n\u0131n geli\u015fimi ad\u0131na \u00f6nemli bir i\u015f birli\u011fi mesaj\u0131 verdi\u011fi belirtildi.<br \/>\n<br \/>Ziyarette AK Parti K\u00fctahya \u0130l Ba\u015fkan Yard\u0131mc\u0131lar\u0131 Fatih Oru\u00e7 ve Osman Zeybek ile AK Parti K\u00fctahya Merkez \u0130l\u00e7e Ba\u015fkan\u0131 Murat Af\u015far\u00fcnal, AK Parti \u0130l Kad\u0131n Kollar\u0131 Ba\u015fkan\u0131 Sevde Nur Karabacak \u00c7ak\u0131c\u0131, AK Parti \u0130l Gen\u00e7lik Kollar\u0131 Ba\u015fkan\u0131 Ali G\u00f6ktekin, AK Parti K\u00fctahya Belediye Meclisi Grup Ba\u015fkan Vekili Mahmut \u00d6zta\u015f ve AK Parti Belediye Meclis \u00fcyeleri de haz\u0131r bulundu.<br \/><\/p>\n","protected":false},"excerpt":{"rendered":"<p>K\u00fctahya Belediye Ba\u015fkan\u0131 Ey\u00fcp Kahveci, AK Parti K\u00fctahya \u0130l Ba\u015fkanl\u0131\u011f\u0131\u2019na iade-i ziyarette bulundu. Ziyaretin ard\u0131ndan a\u00e7\u0131klamalarda bulunan AK Parti K\u00fctahya \u0130l Ba\u015fkan\u0131 Ceyda \u00c7etin Erenler, &#8220;Partimize iade-i ziyarette bulunan, K\u00fctahya Belediye Ba\u015fkan\u0131 Say\u0131n Ey\u00fcp Kahveci\u2019yi \u0130l Ba\u015fkanl\u0131\u011f\u0131m\u0131zda kabul ettik. \u015eehrimize hizmet s\u00f6z konusu oldu\u011funda, AK Parti olarak her zaman siyaset \u00fcst\u00fc bir anlay\u0131\u015fla hareket ediyor,&#8230;<\/p>\n","protected":false},"author":1,"featured_media":36045,"comment_status":"open","ping_status":"open","sticky":false,"template":"","format":"standard","meta":{"_crdt_document":"","footnotes":""},"categories":[123],"tags":[],"class_list":["post-36044","post","type-post","status-publish","format-standard","has-post-thumbnail","hentry","category-gundem"],"_links":{"self":[{"href":"https:\/\/www.egemtv.com\/index.php?rest_route=\/wp\/v2\/posts\/36044","targetHints":{"allow":["GET"]}}],"collection":[{"href":"https:\/\/www.egemtv.com\/index.php?rest_route=\/wp\/v2\/posts"}],"about":[{"href":"https:\/\/www.egemtv.com\/index.php?rest_route=\/wp\/v2\/types\/post"}],"author":[{"embeddable":true,"href":"https:\/\/www.egemtv.com\/index.php?rest_route=\/wp\/v2\/users\/1"}],"replies":[{"embeddable":true,"href":"https:\/\/www.egemtv.com\/index.php?rest_route=%2Fwp%2Fv2%2Fcomments&post=36044"}],"version-history":[{"count":1,"href":"https:\/\/www.egemtv.com\/index.php?rest_route=\/wp\/v2\/posts\/36044\/revisions"}],"predecessor-version":[{"id":36046,"href":"https:\/\/www.egemtv.com\/index.php?rest_route=\/wp\/v2\/posts\/36044\/revisions\/36046"}],"wp:featuredmedia":[{"embeddable":true,"href":"https:\/\/www.egemtv.com\/index.php?rest_route=\/wp\/v2\/media\/36045"}],"wp:attachment":[{"href":"https:\/\/www.egemtv.com\/index.php?rest_route=%2Fwp%2Fv2%2Fmedia&parent=36044"}],"wp:term":[{"taxonomy":"category","embeddable":true,"href":"https:\/\/www.egemtv.com\/index.php?rest_route=%2Fwp%2Fv2%2Fcategories&post=36044"},{"taxonomy":"post_tag","embeddable":true,"href":"https:\/\/www.egemtv.com\/index.php?rest_route=%2Fwp%2Fv2%2Ftags&post=36044"}],"curies":[{"name":"wp","href":"https:\/\/api.w.org\/{rel}","templated":true}]}}