{"id":36041,"date":"2025-06-18T17:36:26","date_gmt":"2025-06-18T14:36:26","guid":{"rendered":"https:\/\/www.egemtv.com\/?p=36041"},"modified":"2025-06-18T17:36:31","modified_gmt":"2025-06-18T14:36:31","slug":"denizlispordan-eski-baskan-erhan-ergil-hakkinda-suc-duyurusu","status":"publish","type":"post","link":"https:\/\/www.egemtv.com\/?p=36041","title":{"rendered":"Denizlispor\u2019dan, eski ba\u015fkan Erhan Ergil hakk\u0131nda su\u00e7 duyurusu"},"content":{"rendered":"<p>Denizlispor y\u00f6netimi, bir i\u015f insan\u0131 taraf\u0131ndan kul\u00fcbe ba\u011f\u0131\u015flanan paray\u0131, kendi alaca\u011f\u0131ym\u0131\u015f gibi g\u00f6sterdi\u011fi iddia edilen eski ba\u015fkan Erhan Ergil hakk\u0131nda su\u00e7 duyurusunda bulunuldu\u011funu a\u00e7\u0131klad\u0131.<br \/>\n<br \/>Konuyla ilgili olarak Denizlispor Kul\u00fcb\u00fc\u2019nden yap\u0131lan a\u00e7\u0131klamada, &#8220;Denizlispor Spor Kul\u00fcb\u00fc ge\u00e7mi\u015f d\u00f6nem ge\u00e7ici ba\u015fkan\u0131 Erhan Ergil\u2019in kul\u00fcbe bir i\u015f insan\u0131 taraf\u0131ndan yap\u0131lan ba\u011f\u0131\u015f\u0131 kendi \u015fahs\u0131 alaca\u011f\u0131 olarak g\u00f6sterdi\u011fi tespit edilmi\u015ftir. Y\u00f6netim kurulunun ara\u015ft\u0131rmas\u0131 neticesinde gelen ba\u011f\u0131\u015f\u0131n kendisine alacak olarak yazd\u0131rd\u0131\u011f\u0131 ortaya \u00e7\u0131kan bu olay sonras\u0131 Erhan Ergil hakk\u0131nda Cumhuriyet Ba\u015fsavc\u0131l\u0131\u011f\u0131\u2019na s\u00f6z konusu ba\u011f\u0131\u015f ve t\u00fcm banka hesap hareketlerinin denetlenmesi i\u00e7in su\u00e7 duyurusunda bulunulmu\u015ftur. Denizlispor Spor Kul\u00fcb\u00fc\u2019ne yap\u0131lan hukuksuzluklar ve usuls\u00fczl\u00fckler tek tek ortaya \u00e7\u0131kart\u0131larak hukuki i\u015flem ba\u015flat\u0131lacakt\u0131r. Bunlar\u0131n devam\u0131 gelecektir&#8221; denildi.<br \/>\n<br \/>Hakk\u0131nda su\u00e7 duyurusunda bulunulan Ba\u015fkan Ergil, aktif g\u00f6revinin son g\u00fcnlerinde, tak\u0131m\u0131n i\u00e7inde bulundu\u011fu buhrandan \u00e7\u0131karmak amac\u0131yla 15 Temmuz \u015eehitleri Delikli\u00e7\u0131nar Meydan\u0131\u2019nda a\u00e7l\u0131k grevi eylemi ger\u00e7ekle\u015ftirmi\u015fti.<br \/><\/p>\n","protected":false},"excerpt":{"rendered":"<p>Denizlispor y\u00f6netimi, bir i\u015f insan\u0131 taraf\u0131ndan kul\u00fcbe ba\u011f\u0131\u015flanan paray\u0131, kendi alaca\u011f\u0131ym\u0131\u015f gibi g\u00f6sterdi\u011fi iddia edilen eski ba\u015fkan Erhan Ergil hakk\u0131nda su\u00e7 duyurusunda bulunuldu\u011funu a\u00e7\u0131klad\u0131. Konuyla ilgili olarak Denizlispor Kul\u00fcb\u00fc\u2019nden yap\u0131lan a\u00e7\u0131klamada, &#8220;Denizlispor Spor Kul\u00fcb\u00fc ge\u00e7mi\u015f d\u00f6nem ge\u00e7ici ba\u015fkan\u0131 Erhan Ergil\u2019in kul\u00fcbe bir i\u015f insan\u0131 taraf\u0131ndan yap\u0131lan ba\u011f\u0131\u015f\u0131 kendi \u015fahs\u0131 alaca\u011f\u0131 olarak g\u00f6sterdi\u011fi tespit edilmi\u015ftir. Y\u00f6netim&#8230;<\/p>\n","protected":false},"author":1,"featured_media":36042,"comment_status":"open","ping_status":"open","sticky":false,"template":"","format":"standard","meta":{"_crdt_document":"","footnotes":""},"categories":[4],"tags":[],"class_list":["post-36041","post","type-post","status-publish","format-standard","has-post-thumbnail","hentry","category-spor"],"_links":{"self":[{"href":"https:\/\/www.egemtv.com\/index.php?rest_route=\/wp\/v2\/posts\/36041","targetHints":{"allow":["GET"]}}],"collection":[{"href":"https:\/\/www.egemtv.com\/index.php?rest_route=\/wp\/v2\/posts"}],"about":[{"href":"https:\/\/www.egemtv.com\/index.php?rest_route=\/wp\/v2\/types\/post"}],"author":[{"embeddable":true,"href":"https:\/\/www.egemtv.com\/index.php?rest_route=\/wp\/v2\/users\/1"}],"replies":[{"embeddable":true,"href":"https:\/\/www.egemtv.com\/index.php?rest_route=%2Fwp%2Fv2%2Fcomments&post=36041"}],"version-history":[{"count":1,"href":"https:\/\/www.egemtv.com\/index.php?rest_route=\/wp\/v2\/posts\/36041\/revisions"}],"predecessor-version":[{"id":36043,"href":"https:\/\/www.egemtv.com\/index.php?rest_route=\/wp\/v2\/posts\/36041\/revisions\/36043"}],"wp:featuredmedia":[{"embeddable":true,"href":"https:\/\/www.egemtv.com\/index.php?rest_route=\/wp\/v2\/media\/36042"}],"wp:attachment":[{"href":"https:\/\/www.egemtv.com\/index.php?rest_route=%2Fwp%2Fv2%2Fmedia&parent=36041"}],"wp:term":[{"taxonomy":"category","embeddable":true,"href":"https:\/\/www.egemtv.com\/index.php?rest_route=%2Fwp%2Fv2%2Fcategories&post=36041"},{"taxonomy":"post_tag","embeddable":true,"href":"https:\/\/www.egemtv.com\/index.php?rest_route=%2Fwp%2Fv2%2Ftags&post=36041"}],"curies":[{"name":"wp","href":"https:\/\/api.w.org\/{rel}","templated":true}]}}