{"id":36008,"date":"2025-06-18T16:16:24","date_gmt":"2025-06-18T13:16:24","guid":{"rendered":"https:\/\/www.egemtv.com\/?p=36008"},"modified":"2025-06-18T16:16:28","modified_gmt":"2025-06-18T13:16:28","slug":"malta-bayrakli-kruvaziyer-bodruma-ilk-seferini-yapti","status":"publish","type":"post","link":"https:\/\/www.egemtv.com\/?p=36008","title":{"rendered":"Malta bayrakl\u0131 kruvaziyer Bodrum\u2019a ilk seferini yapt\u0131"},"content":{"rendered":"<p>Malta bayrakl\u0131 kruvaziyer Bodrum\u2019a demir att\u0131. Geminin bu y\u0131l il\u00e7eye 12 sefer yapmas\u0131 planlan\u0131yor.<br \/>\n<br \/>Ka\u015f\u2019tan sabah saatlerinde Bodrum Liman\u0131\u2019na gelen gemide bin 646 yolcu ve bin 472 m\u00fcrettebat buluyor. \u0130l\u00e7eye ilk seferini yapan gemi i\u00e7in limanda \u00f6zel bir t\u00f6ren d\u00fczenlendi. Yolcular, y\u00f6resel ikramlar ve halk oyunlar\u0131 e\u015fli\u011finde kar\u015f\u0131land\u0131. Gemideki baz\u0131 yolcular Bodrum sokaklar\u0131n\u0131 gezdi, sahilde y\u00fcr\u00fcy\u00fc\u015f yapt\u0131 ve \u00e7ar\u015f\u0131da al\u0131\u015fveri\u015fe zaman ay\u0131rd\u0131. \u00d6zellikle y\u00f6resel lezzetlere ilgi g\u00f6steren turistlerin T\u00fcrk mutfa\u011f\u0131 hakk\u0131nda bilgi ald\u0131\u011f\u0131 g\u00f6zlendi. 19 g\u00fcverteli, 335 metre uzunlu\u011fundaki gemide restoranlar, tiyatro salonu, su park\u0131, \u00e7ocuk alan\u0131 ve SPA gibi bir\u00e7ok sosyal alan bulunuyor. Firma yetkilileri, bu ziyaretin b\u00f6lgedeki kruvaziyer turizmine katk\u0131 sa\u011flayaca\u011f\u0131n\u0131 belirterek, i\u015f birli\u011finin uzun soluklu olmas\u0131n\u0131 temenni ettiklerini ifade etti. Gece yar\u0131s\u0131 \u0130stanbul\u2019a hareket edecek geminin, sezon boyunca Marmaris, Ku\u015fadas\u0131, Fethiye ve \u0130zmir gibi k\u0131y\u0131 \u015fehirlerine de u\u011framas\u0131 planlan\u0131yor.<br \/><\/p>\n","protected":false},"excerpt":{"rendered":"<p>Malta bayrakl\u0131 kruvaziyer Bodrum\u2019a demir att\u0131. Geminin bu y\u0131l il\u00e7eye 12 sefer yapmas\u0131 planlan\u0131yor. Ka\u015f\u2019tan sabah saatlerinde Bodrum Liman\u0131\u2019na gelen gemide bin 646 yolcu ve bin 472 m\u00fcrettebat buluyor. \u0130l\u00e7eye ilk seferini yapan gemi i\u00e7in limanda \u00f6zel bir t\u00f6ren d\u00fczenlendi. Yolcular, y\u00f6resel ikramlar ve halk oyunlar\u0131 e\u015fli\u011finde kar\u015f\u0131land\u0131. Gemideki baz\u0131 yolcular Bodrum sokaklar\u0131n\u0131 gezdi, sahilde&#8230;<\/p>\n","protected":false},"author":1,"featured_media":36009,"comment_status":"open","ping_status":"open","sticky":false,"template":"","format":"standard","meta":{"_crdt_document":"","footnotes":""},"categories":[125],"tags":[],"class_list":["post-36008","post","type-post","status-publish","format-standard","has-post-thumbnail","hentry","category-ekonomi"],"_links":{"self":[{"href":"https:\/\/www.egemtv.com\/index.php?rest_route=\/wp\/v2\/posts\/36008","targetHints":{"allow":["GET"]}}],"collection":[{"href":"https:\/\/www.egemtv.com\/index.php?rest_route=\/wp\/v2\/posts"}],"about":[{"href":"https:\/\/www.egemtv.com\/index.php?rest_route=\/wp\/v2\/types\/post"}],"author":[{"embeddable":true,"href":"https:\/\/www.egemtv.com\/index.php?rest_route=\/wp\/v2\/users\/1"}],"replies":[{"embeddable":true,"href":"https:\/\/www.egemtv.com\/index.php?rest_route=%2Fwp%2Fv2%2Fcomments&post=36008"}],"version-history":[{"count":1,"href":"https:\/\/www.egemtv.com\/index.php?rest_route=\/wp\/v2\/posts\/36008\/revisions"}],"predecessor-version":[{"id":36010,"href":"https:\/\/www.egemtv.com\/index.php?rest_route=\/wp\/v2\/posts\/36008\/revisions\/36010"}],"wp:featuredmedia":[{"embeddable":true,"href":"https:\/\/www.egemtv.com\/index.php?rest_route=\/wp\/v2\/media\/36009"}],"wp:attachment":[{"href":"https:\/\/www.egemtv.com\/index.php?rest_route=%2Fwp%2Fv2%2Fmedia&parent=36008"}],"wp:term":[{"taxonomy":"category","embeddable":true,"href":"https:\/\/www.egemtv.com\/index.php?rest_route=%2Fwp%2Fv2%2Fcategories&post=36008"},{"taxonomy":"post_tag","embeddable":true,"href":"https:\/\/www.egemtv.com\/index.php?rest_route=%2Fwp%2Fv2%2Ftags&post=36008"}],"curies":[{"name":"wp","href":"https:\/\/api.w.org\/{rel}","templated":true}]}}