{"id":3598,"date":"2025-01-06T11:38:35","date_gmt":"2025-01-06T08:38:35","guid":{"rendered":"https:\/\/www.egemtv.com\/?p=3598"},"modified":"2025-01-06T11:38:56","modified_gmt":"2025-01-06T08:38:56","slug":"universite-yonetimi-15-yil-sonra-onlem-almayi-akil-etti","status":"publish","type":"post","link":"https:\/\/www.egemtv.com\/?p=3598","title":{"rendered":"\u00dcniversite y\u00f6netimi 15 y\u0131l sonra \u00f6nlem almay\u0131 ak\u0131l etti"},"content":{"rendered":"<p>Ayd\u0131n\u2019da 1992 y\u0131l\u0131nda kurulan ve 33 y\u0131ll\u0131k \u00fcniversitelerden biri olan Adnan Menderes \u00dcniversitesi (AD\u00dc)\u2019n\u00fcn merkez kampusu g\u00fcvenli hale getiriliyor. \u0130\u00e7erisinde hastanenin de bulundu\u011fu \u00fcniversite sa\u011fl\u0131k kampusu ile e\u011fitim kampusunun i\u00e7 i\u00e7e olmas\u0131 nedeniyle yolge\u00e7en han\u0131na d\u00f6nm\u00fc\u015f ve pek \u00e7ok olumsuz olaylar\u0131n ya\u015fand\u0131\u011f\u0131 yer olmaya ba\u015flam\u0131\u015ft\u0131. AD\u00dc\u2019de y\u00f6neticiler hastanenin kurulu\u015fundan 15 y\u0131l sonra \u00f6nlem almay\u0131 ak\u0131l edip sa\u011fl\u0131k ve e\u011fitim kampusu birbirinde ayr\u0131larak \u00fcniversiteyi g\u00fcvenli hale getirmek i\u00e7in proje haz\u0131rlad\u0131.<\/p>\n<p>Ba\u015fta bimekan tak\u0131mlar\u0131n\u0131n u\u011frak yeri haline gelen ve s\u00fcrekli toplumu ve \u00f6\u011frencileri olumsuz y\u00f6nde etkileyecek olaylar\u0131n ya\u015fand\u0131\u011f\u0131 kampus alan\u0131ndaki sorunlar\u0131n \u00e7\u00f6z\u00fclmesi amac\u0131yla Adnan Menderes \u00dcniversitesi\u2019nde y\u0131llar sonra \u201cG\u00fcvenli Kamp\u00fcs\u201d uygulamas\u0131 ba\u015flat\u0131ld\u0131. Hastanenin kurulup hizmete ba\u015flamas\u0131n\u0131n \u00fczerinden 15 y\u0131l ge\u00e7tikten sonra ak\u0131l edilebilen uygulama kapsam\u0131nda \u00fcniversitede kamera g\u00fcvenlik sistemi ve ge\u00e7i\u015f kontrol sistemi uygulamalar\u0131 ba\u015flat\u0131laca\u011f\u0131 a\u00e7\u0131kland\u0131.<\/p>\n<p>Konuyla ilgili AD\u00dc y\u00f6netimi taraf\u0131ndan yap\u0131lan a\u00e7\u0131klamada \u201cKamp\u00fcs alan\u0131 i\u00e7erisinde s\u0131n\u0131rlar\u0131n belirlenmesinin ard\u0131ndan g\u00fcvenlik setinin tamamlanmas\u0131 ile \u00dcniversitemiz Merkez Kamp\u00fcs\u00fc \u2018E\u011fitim Kamp\u00fcs\u00fc\u2019 ve \u2018Sa\u011fl\u0131k Kamp\u00fcs\u00fc\u2019 olarak iki b\u00f6lgeye ayr\u0131ld\u0131. \u00dcniversitemizde 8 Ocak 2025 tarihi itibariyle \u2018Kartl\u0131 Ge\u00e7i\u015f Sistemi\u2019 uygulamas\u0131na ba\u015flanacak. \u2018Ak\u0131ll\u0131 Kamp\u00fcs\u2019 uygulamas\u0131n\u0131n temel unsurlar\u0131 aras\u0131nda yer alan \u00f6\u011frenci ve \u00e7al\u0131\u015fanlar\u0131n kamp\u00fcs ya\u015fam kalitesini art\u0131rmak ve g\u00fcvenli\u011fini sa\u011flama fonksiyonlar\u0131na y\u00f6nelik sorumluluklar\u0131n yerine getirilmesi ad\u0131na yap\u0131lan \u00e7al\u0131\u015fmalar devam ediyor. \u2018Ayd\u0131n Adnan Menderes \u00dcniversitesi Kamp\u00fcs Ay\u0131rma Duvar\u0131 ve Altyap\u0131 \u00c7al\u0131\u015fmalar\u0131\u2019 kapsam\u0131nda kamp\u00fcs e\u011fitim ve sa\u011fl\u0131k olarak ikiye ayr\u0131ld\u0131 ve g\u00fcvenlik noktalar\u0131 belirlenip, kap\u0131 ge\u00e7i\u015f sistemleri altyap\u0131 \u00e7al\u0131\u015fmalar\u0131, ayd\u0131nlatma ve kamera sistemleri ile kamp\u00fcs emniyete al\u0131narak kamp\u00fcs giri\u015f ve \u00e7\u0131k\u0131\u015flar\u0131n\u0131n denetiminde g\u00fcvenli\u011fin art\u0131r\u0131lmas\u0131 sa\u011fland\u0131\u201d denildi.<\/p>\n<p>\u2018G\u00fcvenli Kamp\u00fcs\u2019 kapsam\u0131nda ba\u015flat\u0131lan \u00e7al\u0131\u015fmalarda 1310 metre uzunlu\u011funda g\u00fcvenlik seti \u00e7ekildi\u011fi belirtildi. \u00dcniversite Hastanesi s\u0131n\u0131r\u0131ndan ba\u015flayan g\u00fcvenlik seti sayesinde Gen\u00e7lik ve Spor Bakanl\u0131\u011f\u0131na ba\u011fl\u0131 Berin Menderes KYK K\u0131z Yurdu\u2019nun da i\u00e7inde bulundu\u011fu alan\u0131n E\u011fitim Kamp\u00fcs\u00fc i\u00e7erisinde b\u0131rak\u0131ld\u0131\u011f\u0131, in\u015fas\u0131 devam etmekte olan Di\u015f Hekimli\u011fi Fak\u00fcltesi\u2019nin Sa\u011fl\u0131k Kamp\u00fcs\u00fc i\u00e7erisinde yer alaca\u011f\u0131 kaydedildi.<\/p>\n<p>AD\u00dc Yap\u0131 \u0130\u015fleri ve Teknik Daire Ba\u015fkanl\u0131\u011f\u0131 ile Bilgi \u0130\u015flem Daire Ba\u015fkanl\u0131\u011f\u0131 koordinesinde ger\u00e7ekle\u015ftirilen \u00e7al\u0131\u015fmalarda g\u00fcvenlik seti ile birlikte kamp\u00fcs i\u00e7i yeni giri\u015f \u00e7\u0131k\u0131\u015f noktalar\u0131n\u0131n belirlendi\u011fi T\u0131p Fak\u00fcltesi ve Merkezi S\u0131n\u0131flar aras\u0131 ile kamp\u00fcs d\u0131\u015f\u0131nda yap\u0131lan yeni KYK erkek yurdunun oldu\u011fu b\u00f6lgeye yeni g\u00fcvenlik noktalar\u0131 eklenerek, daha \u00f6nce 2 olan g\u00fcvenlik noktas\u0131n\u0131n 4\u2019e y\u00fckseltildi\u011fi belirtildi. Ayr\u0131ca \u00fcniversiteye giri\u015f ve \u00e7\u0131k\u0131\u015flar\u0131n kontroller e\u015fli\u011finde yap\u0131laca\u011f\u0131 ve kamp\u00fcs i\u00e7i ring sistemi faaliyete ge\u00e7irilece\u011fi belirtildi. Toplam 1 milyon 142 bin 706 metrekare alan \u00fczerinde bulunan kampus alan\u0131nda ring sistemi ile ula\u015f\u0131m\u0131n sa\u011fl\u0131kl\u0131 y\u00fcr\u00fct\u00fcl\u00fcp y\u00fcr\u00fct\u00fclemeyece\u011fi merak konusu oldu.<\/p>\n<p>Kampus alan\u0131n\u0131n g\u00fcvenli\u011fini sa\u011flamak ad\u0131na ek ayd\u0131nlatmalar da yapt\u0131klar\u0131n\u0131 belirten AD\u00dc Rekt\u00f6r\u00fc B\u00fclent Kent, \u201cKamp\u00fcs\u00fc ay\u0131ran g\u00fcvenlik setinin haricinde \u00fcniversitemizin \u00e7evresindeki s\u0131n\u0131rlar\u0131, panel tellerle 1650 metre uzunlu\u011funda \u00e7it ile \u00e7evirerek g\u00fcvenli\u011fi daha da per\u00e7inlemi\u015f olduk\u201d dedi.<\/p>\n<p>\u00dcniversite Merkez Kamp\u00fcs Yerle\u015fkesi\u2019nin, 1 milyon 142 bin 706 m2 a\u00e7\u0131k alan \u00fczerinde yer alan 264 bin 800 m2 kapal\u0131 alanda e\u011fitim-\u00f6\u011fretim hizmetleri verdi\u011fine vurgu yapan Rekt\u00f6r Prof. Dr. B\u00fclent Kent, \u201cE\u011fitim-\u00f6\u011fretim d\u00f6neminde Merkez Kamp\u00fcs\u2019teki fak\u00fclte ve meslek y\u00fcksekokullar\u0131nda yakla\u015f\u0131k 26 bin \u00f6\u011frenciye, 1092 akademik personel, 1360 idari personel, 4-b kadrosunda 311, 4-d kadrosunda 1114 s\u00fcrekli i\u015f\u00e7i olmak \u00fczere toplamda 3877 \u00e7al\u0131\u015fanla hizmet veriyoruz. Merkez kamp\u00fcs\u00fcm\u00fczde yer alan KYK\u2019ya ba\u011fl\u0131 k\u0131z \u00f6\u011frenci yurdunda da 3000 ki\u015filik konaklama ile birlikte onlar\u0131n da g\u00fcvenlikleri \u00dcniversitemiz sorumluluklar\u0131 i\u00e7inde yer almaktad\u0131r. Merkez yerle\u015fkemiz d\u0131\u015f\u0131nda ayn\u0131 zamanda Ayd\u0131n ve il\u00e7eleri d\u0131\u015f\u0131nda \u00e7evre illerden de gelen hastalara hizmet veren AD\u00dc Hastanesinin de yer almas\u0131 nedeni ile g\u00fcnl\u00fck (hafta i\u00e7i) 3 bin 800 hasta, 1 haftada 19 bin hasta, 1 ayda 80 bin hasta, 1 y\u0131lda ise ortalama 960 bin hasta gelmektedir. Gelen hastalar\u0131n genelde 2-3 ki\u015fi refakat\u00e7i ile geldi\u011fi d\u00fc\u015f\u00fcn\u00fcld\u00fc\u011f\u00fcnde, \u00dcniversitemiz Hastanesine gelen ki\u015fi say\u0131s\u0131 2 milyonu ge\u00e7mektedir\u201d dedi.<\/p>\n<p>Ayd\u0131n Adnan Menderes \u00dcniversitesi kamp\u00fcs\u00fc i\u00e7erisindeki stratejik \u00f6nem arz eden t\u00fcm alanlar ile e\u011fitim binalar\u0131, sosyal tesisler, idari binalar, k\u00fct\u00fcphane, otoparklar ile personel ve \u00f6\u011frencilerin hareket yo\u011funlu\u011fu fazla olan yollara, kamp\u00fcs alan\u0131 \u00fczerindeki \u00e7e\u015fitli noktalara ve \u00e7evre duvar\u0131 kenar\u0131nda bulunan direklere Bilgi \u0130\u015flem Daire Ba\u015fkanl\u0131\u011f\u0131 koordinesinde mevcut kameralara ilave olarak toplam 119 adet y\u00fcksek \u00e7\u00f6z\u00fcn\u00fcrl\u00fckl\u00fc kameralar monte edildi\u011fi a\u00e7\u0131kland\u0131. Ayr\u0131ca kameralar\u0131n izlenebilmesi, g\u00f6r\u00fcnt\u00fc kayd\u0131 yap\u0131lmas\u0131, kay\u0131tlar\u0131n saklanmas\u0131 ve gizlili\u011finin korunmas\u0131 amac\u0131yla Rekt\u00f6rl\u00fck binas\u0131nda olu\u015fturulan kamera izleme merkezinde t\u00fcm kamp\u00fcs\u00fcn izlenece\u011fi belirtildi.<br \/>\n<br \/>Yap\u0131lan de\u011fi\u015fikliklerin ard\u0131ndan merkez kamp\u00fcse 4 farkl\u0131 noktadan giri\u015f \u00e7\u0131k\u0131\u015f yap\u0131labilece\u011fi \u201cKamera G\u00fcvenlik Sistemi\u201d projesi ile geni\u015f kapsaml\u0131 video analiz teknolojileri ile plaka tan\u0131ma, ki\u015fi\/ara\u00e7 sayma, y\u00fcz tan\u0131ma, kay\u0131p\/fazla nesne alg\u0131lama, giri\u015f-\u00e7\u0131k\u0131\u015f kontrol destek sistemleri, s\u0131n\u0131r\/\u00f6zel b\u00f6lge ihlalleri tespiti ve kamp\u00fcs sahalar\u0131ndaki hareketlilikler \u00fczerinde geni\u015f kapsaml\u0131 raporlama ve anl\u0131k ihbar sistemlerinin yer ald\u0131\u011f\u0131 belirtildi.<br \/>\n<br \/>AD\u00dc Rekt\u00f6r\u00fc B\u00fclent Kent, yeni sitemin maliyeti ile ilgili herhangi bir bilgiye yer vermez iken bu sistem ile \u00fcniversitenin e\u011fitim ve sa\u011fl\u0131k kamp\u00fcs\u00fcn\u00fc denetim ve kontrol alt\u0131nda tutabileceklerini ayr\u0131ca y\u00fcksek teknolojiye sahip kamera sistemleri ile g\u00fcvenli\u011fi en \u00fcst seviyede tutabileceklerini kaydetti.<br \/>\n<br \/><img fetchpriority=\"high\" decoding=\"async\" width=\"1280\" height=\"853\" src=\"https:\/\/www.egemtv.com\/wp-content\/uploads\/2025\/01\/universite-yonetimi-15-yil-sonra-onlem-almayi-akil-etti_a41c8cbe2fba.jpg\" class=\"attachment-full size-full not-transparent\" alt=\"\" data-has-transparency=\"false\" data-dominant-color=\"807970\" style=\"--dominant-color: #807970\" \/><img decoding=\"async\" width=\"1280\" height=\"853\" src=\"https:\/\/www.egemtv.com\/wp-content\/uploads\/2025\/01\/universite-yonetimi-15-yil-sonra-onlem-almayi-akil-etti_e451c9bf42ef.jpg\" class=\"attachment-full size-full not-transparent\" alt=\"\" data-has-transparency=\"false\" data-dominant-color=\"716d65\" style=\"--dominant-color: #716d65\" \/><img decoding=\"async\" width=\"1280\" height=\"853\" src=\"https:\/\/www.egemtv.com\/wp-content\/uploads\/2025\/01\/universite-yonetimi-15-yil-sonra-onlem-almayi-akil-etti_00a5705c0b9d.jpg\" class=\"attachment-full size-full not-transparent\" alt=\"\" data-has-transparency=\"false\" data-dominant-color=\"908d8a\" style=\"--dominant-color: #908d8a\" \/><img loading=\"lazy\" decoding=\"async\" width=\"1280\" height=\"853\" src=\"https:\/\/www.egemtv.com\/wp-content\/uploads\/2025\/01\/universite-yonetimi-15-yil-sonra-onlem-almayi-akil-etti_72b4260d2ba9.jpg\" class=\"attachment-full size-full not-transparent\" alt=\"\" data-has-transparency=\"false\" data-dominant-color=\"6b665c\" style=\"--dominant-color: #6b665c\" \/><img loading=\"lazy\" decoding=\"async\" width=\"1280\" height=\"853\" src=\"https:\/\/www.egemtv.com\/wp-content\/uploads\/2025\/01\/universite-yonetimi-15-yil-sonra-onlem-almayi-akil-etti_4ebcb52d124d.jpg\" class=\"attachment-full size-full not-transparent\" alt=\"\" data-has-transparency=\"false\" data-dominant-color=\"84827d\" style=\"--dominant-color: #84827d\" \/><img loading=\"lazy\" decoding=\"async\" width=\"1280\" height=\"853\" src=\"https:\/\/www.egemtv.com\/wp-content\/uploads\/2025\/01\/universite-yonetimi-15-yil-sonra-onlem-almayi-akil-etti_300dcfa94707.jpg\" class=\"attachment-full size-full not-transparent\" alt=\"\" data-has-transparency=\"false\" data-dominant-color=\"a3a19e\" style=\"--dominant-color: #a3a19e\" \/><img loading=\"lazy\" decoding=\"async\" width=\"1280\" height=\"853\" src=\"https:\/\/www.egemtv.com\/wp-content\/uploads\/2025\/01\/universite-yonetimi-15-yil-sonra-onlem-almayi-akil-etti_ec410f746755.jpg\" class=\"attachment-full size-full not-transparent\" alt=\"\" data-has-transparency=\"false\" data-dominant-color=\"8b8a86\" style=\"--dominant-color: #8b8a86\" \/><img loading=\"lazy\" decoding=\"async\" width=\"1280\" height=\"853\" src=\"https:\/\/www.egemtv.com\/wp-content\/uploads\/2025\/01\/universite-yonetimi-15-yil-sonra-onlem-almayi-akil-etti_a24c16a2d4d9.jpg\" class=\"attachment-full size-full not-transparent\" alt=\"\" data-has-transparency=\"false\" data-dominant-color=\"9a958f\" style=\"--dominant-color: #9a958f\" \/><img loading=\"lazy\" decoding=\"async\" width=\"1280\" height=\"720\" src=\"https:\/\/www.egemtv.com\/wp-content\/uploads\/2025\/01\/universite-yonetimi-15-yil-sonra-onlem-almayi-akil-etti_8b59ef8ae594.jpg\" class=\"attachment-full size-full not-transparent\" alt=\"\" data-has-transparency=\"false\" data-dominant-color=\"54709a\" style=\"--dominant-color: #54709a\" \/><\/p>\n","protected":false},"excerpt":{"rendered":"<p>Ayd\u0131n\u2019da 1992 y\u0131l\u0131nda kurulan ve 33 y\u0131ll\u0131k \u00fcniversitelerden biri olan Adnan Menderes \u00dcniversitesi (AD\u00dc)\u2019n\u00fcn merkez kampusu g\u00fcvenli hale getiriliyor. \u0130\u00e7erisinde hastanenin de bulundu\u011fu \u00fcniversite sa\u011fl\u0131k kampusu ile e\u011fitim kampusunun i\u00e7 i\u00e7e olmas\u0131 nedeniyle yolge\u00e7en han\u0131na d\u00f6nm\u00fc\u015f ve pek \u00e7ok olumsuz olaylar\u0131n ya\u015fand\u0131\u011f\u0131 yer olmaya ba\u015flam\u0131\u015ft\u0131. AD\u00dc\u2019de y\u00f6neticiler hastanenin kurulu\u015fundan 15 y\u0131l sonra \u00f6nlem almay\u0131 ak\u0131l&#8230;<\/p>\n","protected":false},"author":1,"featured_media":3599,"comment_status":"open","ping_status":"open","sticky":false,"template":"","format":"standard","meta":{"_crdt_document":"","footnotes":""},"categories":[1],"tags":[],"class_list":["post-3598","post","type-post","status-publish","format-standard","has-post-thumbnail","hentry","category-guncel"],"_links":{"self":[{"href":"https:\/\/www.egemtv.com\/index.php?rest_route=\/wp\/v2\/posts\/3598","targetHints":{"allow":["GET"]}}],"collection":[{"href":"https:\/\/www.egemtv.com\/index.php?rest_route=\/wp\/v2\/posts"}],"about":[{"href":"https:\/\/www.egemtv.com\/index.php?rest_route=\/wp\/v2\/types\/post"}],"author":[{"embeddable":true,"href":"https:\/\/www.egemtv.com\/index.php?rest_route=\/wp\/v2\/users\/1"}],"replies":[{"embeddable":true,"href":"https:\/\/www.egemtv.com\/index.php?rest_route=%2Fwp%2Fv2%2Fcomments&post=3598"}],"version-history":[{"count":1,"href":"https:\/\/www.egemtv.com\/index.php?rest_route=\/wp\/v2\/posts\/3598\/revisions"}],"predecessor-version":[{"id":3609,"href":"https:\/\/www.egemtv.com\/index.php?rest_route=\/wp\/v2\/posts\/3598\/revisions\/3609"}],"wp:featuredmedia":[{"embeddable":true,"href":"https:\/\/www.egemtv.com\/index.php?rest_route=\/wp\/v2\/media\/3599"}],"wp:attachment":[{"href":"https:\/\/www.egemtv.com\/index.php?rest_route=%2Fwp%2Fv2%2Fmedia&parent=3598"}],"wp:term":[{"taxonomy":"category","embeddable":true,"href":"https:\/\/www.egemtv.com\/index.php?rest_route=%2Fwp%2Fv2%2Fcategories&post=3598"},{"taxonomy":"post_tag","embeddable":true,"href":"https:\/\/www.egemtv.com\/index.php?rest_route=%2Fwp%2Fv2%2Ftags&post=3598"}],"curies":[{"name":"wp","href":"https:\/\/api.w.org\/{rel}","templated":true}]}}