{"id":3590,"date":"2025-01-06T11:30:01","date_gmt":"2025-01-06T08:30:01","guid":{"rendered":"https:\/\/www.egemtv.com\/?p=3590"},"modified":"2025-01-06T11:30:04","modified_gmt":"2025-01-06T08:30:04","slug":"kutahyada-sube-muduru-mehmet-zorlu-icin-veda-programi-duzenlendi","status":"publish","type":"post","link":"https:\/\/www.egemtv.com\/?p=3590","title":{"rendered":"K\u00fctahya\u2019da \u015eube M\u00fcd\u00fcr\u00fc Mehmet Zorlu i\u00e7in veda program\u0131 d\u00fczenlendi"},"content":{"rendered":"<p>K\u00fctahya \u0130l Mill\u00ee E\u011fitim M\u00fcd\u00fcrl\u00fc\u011f\u00fc \u015eube M\u00fcd\u00fcrlerinden Mehmet Zorlu i\u00e7in bir veda program\u0131 ger\u00e7ekle\u015ftirildi. Programa \u0130l Mill\u00ee E\u011fitim M\u00fcd\u00fcr\u00fc Hasan Ba\u015fyi\u011fit, E\u011fitim M\u00fcfetti\u015fleri Ba\u015fkan\u0131 Veysi Deniz, m\u00fcd\u00fcr yard\u0131mc\u0131lar\u0131 ve \u015fube m\u00fcd\u00fcrleri kat\u0131ld\u0131.<br \/>\n<br \/>Bursa \u0130l Mill\u00ee E\u011fitim M\u00fcd\u00fcrl\u00fc\u011f\u00fcne \u015eube M\u00fcd\u00fcr\u00fc olarak atanan Mehmet Zorlu\u2019ya y\u00f6nelik d\u00fczenlenen programda, \u0130l Mill\u00ee E\u011fitim M\u00fcd\u00fcr\u00fc Hasan Ba\u015fyi\u011fit bir konu\u015fma yapt\u0131. Konu\u015fmas\u0131nda, Zorlu\u2019nun K\u00fctahya\u2019daki e\u011fitime sa\u011flad\u0131\u011f\u0131 de\u011ferli katk\u0131lardan dolay\u0131 te\u015fekk\u00fcr eden Ba\u015fyi\u011fit, Zorlu\u2019nun Bursa\u2019da da ba\u015far\u0131l\u0131 \u00e7al\u0131\u015fmalar\u0131na devam edece\u011fine olan inanc\u0131n\u0131 dile getirdi.<br \/>\n<br \/>Program\u0131n sonunda, \u0130l Mill\u00ee E\u011fitim M\u00fcd\u00fcr\u00fc Hasan Ba\u015fyi\u011fit taraf\u0131ndan Mehmet Zorlu\u2019ya bir hediye takdim edildi. Veda program\u0131, kat\u0131l\u0131mc\u0131lar\u0131n iyi dilek temennileri ve hat\u0131ra foto\u011fraf \u00e7ekimleriyle sona erdi.<br \/><\/p>\n","protected":false},"excerpt":{"rendered":"<p>K\u00fctahya \u0130l Mill\u00ee E\u011fitim M\u00fcd\u00fcrl\u00fc\u011f\u00fc \u015eube M\u00fcd\u00fcrlerinden Mehmet Zorlu i\u00e7in bir veda program\u0131 ger\u00e7ekle\u015ftirildi. Programa \u0130l Mill\u00ee E\u011fitim M\u00fcd\u00fcr\u00fc Hasan Ba\u015fyi\u011fit, E\u011fitim M\u00fcfetti\u015fleri Ba\u015fkan\u0131 Veysi Deniz, m\u00fcd\u00fcr yard\u0131mc\u0131lar\u0131 ve \u015fube m\u00fcd\u00fcrleri kat\u0131ld\u0131. Bursa \u0130l Mill\u00ee E\u011fitim M\u00fcd\u00fcrl\u00fc\u011f\u00fcne \u015eube M\u00fcd\u00fcr\u00fc olarak atanan Mehmet Zorlu\u2019ya y\u00f6nelik d\u00fczenlenen programda, \u0130l Mill\u00ee E\u011fitim M\u00fcd\u00fcr\u00fc Hasan Ba\u015fyi\u011fit bir konu\u015fma yapt\u0131&#8230;.<\/p>\n","protected":false},"author":1,"featured_media":3591,"comment_status":"open","ping_status":"open","sticky":false,"template":"","format":"standard","meta":{"_crdt_document":"","footnotes":""},"categories":[1],"tags":[],"class_list":["post-3590","post","type-post","status-publish","format-standard","has-post-thumbnail","hentry","category-guncel"],"_links":{"self":[{"href":"https:\/\/www.egemtv.com\/index.php?rest_route=\/wp\/v2\/posts\/3590","targetHints":{"allow":["GET"]}}],"collection":[{"href":"https:\/\/www.egemtv.com\/index.php?rest_route=\/wp\/v2\/posts"}],"about":[{"href":"https:\/\/www.egemtv.com\/index.php?rest_route=\/wp\/v2\/types\/post"}],"author":[{"embeddable":true,"href":"https:\/\/www.egemtv.com\/index.php?rest_route=\/wp\/v2\/users\/1"}],"replies":[{"embeddable":true,"href":"https:\/\/www.egemtv.com\/index.php?rest_route=%2Fwp%2Fv2%2Fcomments&post=3590"}],"version-history":[{"count":1,"href":"https:\/\/www.egemtv.com\/index.php?rest_route=\/wp\/v2\/posts\/3590\/revisions"}],"predecessor-version":[{"id":3592,"href":"https:\/\/www.egemtv.com\/index.php?rest_route=\/wp\/v2\/posts\/3590\/revisions\/3592"}],"wp:featuredmedia":[{"embeddable":true,"href":"https:\/\/www.egemtv.com\/index.php?rest_route=\/wp\/v2\/media\/3591"}],"wp:attachment":[{"href":"https:\/\/www.egemtv.com\/index.php?rest_route=%2Fwp%2Fv2%2Fmedia&parent=3590"}],"wp:term":[{"taxonomy":"category","embeddable":true,"href":"https:\/\/www.egemtv.com\/index.php?rest_route=%2Fwp%2Fv2%2Fcategories&post=3590"},{"taxonomy":"post_tag","embeddable":true,"href":"https:\/\/www.egemtv.com\/index.php?rest_route=%2Fwp%2Fv2%2Ftags&post=3590"}],"curies":[{"name":"wp","href":"https:\/\/api.w.org\/{rel}","templated":true}]}}