{"id":35867,"date":"2025-06-18T10:16:27","date_gmt":"2025-06-18T07:16:27","guid":{"rendered":"https:\/\/www.egemtv.com\/?p=35867"},"modified":"2025-06-18T10:16:32","modified_gmt":"2025-06-18T07:16:32","slug":"baskan-hakan-akdas-yasadigimiz-sorunlarin-istisare-kulturuyle-cozulebilecegine-inaniyoruz","status":"publish","type":"post","link":"https:\/\/www.egemtv.com\/?p=35867","title":{"rendered":"Ba\u015fkan Hakan Akda\u015f: &#8220;Ya\u015fad\u0131\u011f\u0131m\u0131z sorunlar\u0131n isti\u015fare k\u00fclt\u00fcr\u00fcyle \u00e7\u00f6z\u00fclebilece\u011fine inan\u0131yoruz&#8221;"},"content":{"rendered":"<p>K\u00fctahya Sebzeciler ve Pazaryerleri Esnaf Odas\u0131 Ba\u015fkan\u0131 Hakan Akda\u015f ve oda y\u00f6netimi, K\u00fctahya Belediye Ba\u015fkan\u0131 Ey\u00fcp Kahveci\u2019yi makam\u0131nda ziyaret etti. Ger\u00e7ekle\u015ftirilen ziyarette, \u015fehir genelindeki pazarc\u0131l\u0131k faaliyetleri ile hizmetlerin geli\u015ftirilmesine y\u00f6nelik konular ele al\u0131nd\u0131.<br \/>\n<br \/>Ziyaretin ard\u0131ndan bir a\u00e7\u0131klama yapan Oda Ba\u015fkan\u0131 Hakan Akda\u015f, Belediye Ba\u015fkan\u0131 Ey\u00fcp Kahveci ile son derece verimli bir g\u00f6r\u00fc\u015fme ger\u00e7ekle\u015ftirdiklerini belirtti. Akda\u015f, &#8220;Ba\u015fkan\u0131m\u0131z\u0131n uzla\u015fmac\u0131 yakla\u015f\u0131m\u0131na ve samimiyetine te\u015fekk\u00fcr ediyoruz. Bundan sonraki s\u00fcre\u00e7te de pazarc\u0131 esnaf\u0131n\u0131n ya\u015fad\u0131\u011f\u0131 sorunlar\u0131n isti\u015fare k\u00fclt\u00fcr\u00fcyle \u00e7\u00f6z\u00fclebilece\u011fine inan\u0131yoruz&#8221; dedi.<br \/>\n<br \/>Belediye Ba\u015fkan\u0131 Ey\u00fcp Kahveci ise nazik ziyaretlerinden dolay\u0131 Hakan Akda\u015f ve y\u00f6netim kuruluna te\u015fekk\u00fcr ederek, birlikte y\u00fcr\u00fct\u00fclecek \u00e7al\u0131\u015fmalarda dayan\u0131\u015fma ve i\u015f birli\u011fine vurgu yapt\u0131.<br \/>\n<br \/>Ziyaret, kar\u015f\u0131l\u0131kl\u0131 iyi dileklerin payla\u015f\u0131lmas\u0131 ve hat\u0131ra foto\u011fraf\u0131 \u00e7ekimi ile sona erdi.<br \/><\/p>\n","protected":false},"excerpt":{"rendered":"<p>K\u00fctahya Sebzeciler ve Pazaryerleri Esnaf Odas\u0131 Ba\u015fkan\u0131 Hakan Akda\u015f ve oda y\u00f6netimi, K\u00fctahya Belediye Ba\u015fkan\u0131 Ey\u00fcp Kahveci\u2019yi makam\u0131nda ziyaret etti. Ger\u00e7ekle\u015ftirilen ziyarette, \u015fehir genelindeki pazarc\u0131l\u0131k faaliyetleri ile hizmetlerin geli\u015ftirilmesine y\u00f6nelik konular ele al\u0131nd\u0131. Ziyaretin ard\u0131ndan bir a\u00e7\u0131klama yapan Oda Ba\u015fkan\u0131 Hakan Akda\u015f, Belediye Ba\u015fkan\u0131 Ey\u00fcp Kahveci ile son derece verimli bir g\u00f6r\u00fc\u015fme ger\u00e7ekle\u015ftirdiklerini belirtti. Akda\u015f,&#8230;<\/p>\n","protected":false},"author":1,"featured_media":35868,"comment_status":"open","ping_status":"open","sticky":false,"template":"","format":"standard","meta":{"_crdt_document":"","footnotes":""},"categories":[123],"tags":[],"class_list":["post-35867","post","type-post","status-publish","format-standard","has-post-thumbnail","hentry","category-gundem"],"_links":{"self":[{"href":"https:\/\/www.egemtv.com\/index.php?rest_route=\/wp\/v2\/posts\/35867","targetHints":{"allow":["GET"]}}],"collection":[{"href":"https:\/\/www.egemtv.com\/index.php?rest_route=\/wp\/v2\/posts"}],"about":[{"href":"https:\/\/www.egemtv.com\/index.php?rest_route=\/wp\/v2\/types\/post"}],"author":[{"embeddable":true,"href":"https:\/\/www.egemtv.com\/index.php?rest_route=\/wp\/v2\/users\/1"}],"replies":[{"embeddable":true,"href":"https:\/\/www.egemtv.com\/index.php?rest_route=%2Fwp%2Fv2%2Fcomments&post=35867"}],"version-history":[{"count":1,"href":"https:\/\/www.egemtv.com\/index.php?rest_route=\/wp\/v2\/posts\/35867\/revisions"}],"predecessor-version":[{"id":35869,"href":"https:\/\/www.egemtv.com\/index.php?rest_route=\/wp\/v2\/posts\/35867\/revisions\/35869"}],"wp:featuredmedia":[{"embeddable":true,"href":"https:\/\/www.egemtv.com\/index.php?rest_route=\/wp\/v2\/media\/35868"}],"wp:attachment":[{"href":"https:\/\/www.egemtv.com\/index.php?rest_route=%2Fwp%2Fv2%2Fmedia&parent=35867"}],"wp:term":[{"taxonomy":"category","embeddable":true,"href":"https:\/\/www.egemtv.com\/index.php?rest_route=%2Fwp%2Fv2%2Fcategories&post=35867"},{"taxonomy":"post_tag","embeddable":true,"href":"https:\/\/www.egemtv.com\/index.php?rest_route=%2Fwp%2Fv2%2Ftags&post=35867"}],"curies":[{"name":"wp","href":"https:\/\/api.w.org\/{rel}","templated":true}]}}