{"id":35861,"date":"2025-06-18T10:16:17","date_gmt":"2025-06-18T07:16:17","guid":{"rendered":"https:\/\/www.egemtv.com\/?p=35861"},"modified":"2025-06-18T10:16:22","modified_gmt":"2025-06-18T07:16:22","slug":"tralleis-antik-kentinde-calismalar-suruyor","status":"publish","type":"post","link":"https:\/\/www.egemtv.com\/?p=35861","title":{"rendered":"Tralleis Antik Kenti\u2019nde \u00e7al\u0131\u015fmalar s\u00fcr\u00fcyor"},"content":{"rendered":"<p>Ayd\u0131n\u2019\u0131n ilk yerle\u015fim yerlerinden oldu\u011fu d\u00fc\u015f\u00fcn\u00fclen Tralleis Antik Kenti\u2019nde 2025 y\u0131l\u0131 kaz\u0131 \u00e7al\u0131\u015fmalar\u0131 hamam gymnasium kompleksinde devam ediyor.<\/p>\n<p>Efeler\u2019de bulunan ve ilk yerle\u015fim yerlerinden oldu\u011fu d\u00fc\u015f\u00fcn\u00fclen Tralleis Antik Kenti, yap\u0131lan kaz\u0131 \u00e7al\u0131\u015fmalar\u0131yla g\u00fcn y\u00fcz\u00fcne \u00e7\u0131kmaya devam ediyor. \u0130lk defa 1996 y\u0131l\u0131nda kaz\u0131lara ba\u015flanan Tralleis Antik Kenti\u2019nde kaz\u0131lar bu sene 29\u2019uncu y\u0131l\u0131na girerken b\u00f6lgede \u00e7al\u0131\u015fmalar h\u0131z kesmeden b\u00fcy\u00fck bir heyecanla devam ediyor. K\u00fclt\u00fcr ve Turizm Bakanl\u0131\u011f\u0131\u2019n\u0131n \u2018Gelece\u011fe Miras\u2019 projesi kapsam\u0131nda ge\u00e7ti\u011fimiz May\u0131s ay\u0131nda 2025 y\u0131l\u0131 kaz\u0131 \u00e7al\u0131\u015fmalar\u0131 ba\u015flarken, \u00e7al\u0131\u015fmalar hamam gymnasium b\u00f6lgesine yo\u011funla\u015ft\u0131r\u0131ld\u0131. \u0130nsan ve Toplum Bilimleri Fak\u00fcltesi Arkeoloji B\u00f6l\u00fcm\u00fc \u00d6\u011fretim \u00dcyesi Prof. Dr. Murat \u00c7ekilmez ba\u015fkanl\u0131\u011f\u0131nda y\u00fcr\u00fct\u00fclen \u00e7al\u0131\u015fmalar kapsam\u0131nda arkeologlar,  kaz\u0131, belgeleme ve basit onar\u0131m \u00e7al\u0131\u015fmalar\u0131 ger\u00e7ekle\u015ftiriyor. Ayr\u0131ca b\u00f6lgede \u00e7evre d\u00fczenleme ve peyzaj \u00e7al\u0131\u015fmalar\u0131 da h\u0131z kazan\u0131rken, antik kentin A\u011fustos ay\u0131nda ziyarete a\u00e7\u0131lmas\u0131 bekleniyor.<\/p>\n<p>\u00c7al\u0131\u015fmalar hakk\u0131nda a\u00e7\u0131klama yapan Tralleis Antik Kenti Kaz\u0131 Ba\u015fkan\u0131 Murat \u00c7ekilmez; &#8220;K\u00fclt\u00fcr ve Turizm Bakanl\u0131\u011f\u0131 ile Ayd\u0131n Adnan Menderes \u00dcniversitesi ad\u0131na y\u00fcr\u00fct\u00fclen Tralleis Antik Kenti kaz\u0131s\u0131 \u2018Gelece\u011fe Miras Projesi\u2019 2025 y\u0131l\u0131 \u00e7al\u0131\u015fmalar\u0131 kapsam\u0131nda Hamam Gymnasium kompleksinde kaz\u0131, belgeleme ve basit onar\u0131m \u00e7al\u0131\u015fmalar\u0131 devam etmektedir&#8221; dedi.<br \/><\/p>\n","protected":false},"excerpt":{"rendered":"<p>Ayd\u0131n\u2019\u0131n ilk yerle\u015fim yerlerinden oldu\u011fu d\u00fc\u015f\u00fcn\u00fclen Tralleis Antik Kenti\u2019nde 2025 y\u0131l\u0131 kaz\u0131 \u00e7al\u0131\u015fmalar\u0131 hamam gymnasium kompleksinde devam ediyor. Efeler\u2019de bulunan ve ilk yerle\u015fim yerlerinden oldu\u011fu d\u00fc\u015f\u00fcn\u00fclen Tralleis Antik Kenti, yap\u0131lan kaz\u0131 \u00e7al\u0131\u015fmalar\u0131yla g\u00fcn y\u00fcz\u00fcne \u00e7\u0131kmaya devam ediyor. \u0130lk defa 1996 y\u0131l\u0131nda kaz\u0131lara ba\u015flanan Tralleis Antik Kenti\u2019nde kaz\u0131lar bu sene 29\u2019uncu y\u0131l\u0131na girerken b\u00f6lgede \u00e7al\u0131\u015fmalar h\u0131z&#8230;<\/p>\n","protected":false},"author":1,"featured_media":35862,"comment_status":"open","ping_status":"open","sticky":false,"template":"","format":"standard","meta":{"_crdt_document":"","footnotes":""},"categories":[1],"tags":[],"class_list":["post-35861","post","type-post","status-publish","format-standard","has-post-thumbnail","hentry","category-guncel"],"_links":{"self":[{"href":"https:\/\/www.egemtv.com\/index.php?rest_route=\/wp\/v2\/posts\/35861","targetHints":{"allow":["GET"]}}],"collection":[{"href":"https:\/\/www.egemtv.com\/index.php?rest_route=\/wp\/v2\/posts"}],"about":[{"href":"https:\/\/www.egemtv.com\/index.php?rest_route=\/wp\/v2\/types\/post"}],"author":[{"embeddable":true,"href":"https:\/\/www.egemtv.com\/index.php?rest_route=\/wp\/v2\/users\/1"}],"replies":[{"embeddable":true,"href":"https:\/\/www.egemtv.com\/index.php?rest_route=%2Fwp%2Fv2%2Fcomments&post=35861"}],"version-history":[{"count":1,"href":"https:\/\/www.egemtv.com\/index.php?rest_route=\/wp\/v2\/posts\/35861\/revisions"}],"predecessor-version":[{"id":35863,"href":"https:\/\/www.egemtv.com\/index.php?rest_route=\/wp\/v2\/posts\/35861\/revisions\/35863"}],"wp:featuredmedia":[{"embeddable":true,"href":"https:\/\/www.egemtv.com\/index.php?rest_route=\/wp\/v2\/media\/35862"}],"wp:attachment":[{"href":"https:\/\/www.egemtv.com\/index.php?rest_route=%2Fwp%2Fv2%2Fmedia&parent=35861"}],"wp:term":[{"taxonomy":"category","embeddable":true,"href":"https:\/\/www.egemtv.com\/index.php?rest_route=%2Fwp%2Fv2%2Fcategories&post=35861"},{"taxonomy":"post_tag","embeddable":true,"href":"https:\/\/www.egemtv.com\/index.php?rest_route=%2Fwp%2Fv2%2Ftags&post=35861"}],"curies":[{"name":"wp","href":"https:\/\/api.w.org\/{rel}","templated":true}]}}