{"id":35858,"date":"2025-06-18T10:16:13","date_gmt":"2025-06-18T07:16:13","guid":{"rendered":"https:\/\/www.egemtv.com\/?p=35858"},"modified":"2025-06-18T10:16:17","modified_gmt":"2025-06-18T07:16:17","slug":"kutahya-il-muftulugu-sampiyon-oldu","status":"publish","type":"post","link":"https:\/\/www.egemtv.com\/?p=35858","title":{"rendered":"K\u00fctahya \u0130l M\u00fcft\u00fcl\u00fc\u011f\u00fc \u015fampiyon oldu"},"content":{"rendered":"<p>K\u00fctahya \u0130l M\u00fcft\u00fcl\u00fc\u011f\u00fc ile K\u00fctahya Din G\u00f6revlileri Yard\u0131mla\u015fma Derne\u011fi i\u015f birli\u011finde, il ve il\u00e7e m\u00fcft\u00fcl\u00fckleri aras\u0131nda tan\u0131\u015fma ve kayna\u015fmay\u0131 art\u0131rmak amac\u0131yla d\u00fczenlenen futbol turnuvas\u0131 sona erdi.<br \/>\n<br \/>Turnuvada il genelinden toplam 11 tak\u0131m m\u00fccadele etti. B\u00fcy\u00fck heyecana sahne olan final ma\u00e7\u0131nda K\u00fctahya \u0130l M\u00fcft\u00fcl\u00fc\u011f\u00fc ile Domani\u00e7 \u0130l\u00e7e M\u00fcft\u00fcl\u00fc\u011f\u00fc tak\u0131mlar\u0131 kar\u015f\u0131 kar\u015f\u0131ya geldi. \u0130l M\u00fcft\u00fcs\u00fc Dr. \u0130rfan A\u00e7\u0131k\u2019\u0131n ba\u015flama vuru\u015fuyla ba\u015flayan final m\u00fccadelesi, K\u00fctahya \u0130l M\u00fcft\u00fcl\u00fc\u011f\u00fc tak\u0131m\u0131n\u0131n galibiyetiyle tamamland\u0131.<br \/>\n<br \/>Finalin ard\u0131ndan d\u00fczenlenen t\u00f6rende \u015fampiyonluk kupas\u0131, \u0130l M\u00fcft\u00fc Yard\u0131mc\u0131s\u0131 Salim \u00dcz\u00fclmez taraf\u0131ndan K\u00fctahya \u0130l M\u00fcft\u00fcl\u00fc\u011f\u00fc tak\u0131m\u0131na takdim edildi. K\u00fctahya Din G\u00f6revlileri Yard\u0131mla\u015fma Derne\u011fi Ba\u015fkan\u0131 Turhan Bayatl\u0131, turnuvaya kat\u0131lan t\u00fcm din g\u00f6revlilerine te\u015fekk\u00fcr eden etti. Bayatl\u0131, bu t\u00fcr etkinliklerin kurum i\u00e7i dayan\u0131\u015fma ve motivasyonu art\u0131rd\u0131\u011f\u0131n\u0131 dile getirdi.<br \/><\/p>\n","protected":false},"excerpt":{"rendered":"<p>K\u00fctahya \u0130l M\u00fcft\u00fcl\u00fc\u011f\u00fc ile K\u00fctahya Din G\u00f6revlileri Yard\u0131mla\u015fma Derne\u011fi i\u015f birli\u011finde, il ve il\u00e7e m\u00fcft\u00fcl\u00fckleri aras\u0131nda tan\u0131\u015fma ve kayna\u015fmay\u0131 art\u0131rmak amac\u0131yla d\u00fczenlenen futbol turnuvas\u0131 sona erdi. Turnuvada il genelinden toplam 11 tak\u0131m m\u00fccadele etti. B\u00fcy\u00fck heyecana sahne olan final ma\u00e7\u0131nda K\u00fctahya \u0130l M\u00fcft\u00fcl\u00fc\u011f\u00fc ile Domani\u00e7 \u0130l\u00e7e M\u00fcft\u00fcl\u00fc\u011f\u00fc tak\u0131mlar\u0131 kar\u015f\u0131 kar\u015f\u0131ya geldi. \u0130l M\u00fcft\u00fcs\u00fc Dr. \u0130rfan&#8230;<\/p>\n","protected":false},"author":1,"featured_media":35859,"comment_status":"open","ping_status":"open","sticky":false,"template":"","format":"standard","meta":{"_crdt_document":"","footnotes":""},"categories":[4],"tags":[],"class_list":["post-35858","post","type-post","status-publish","format-standard","has-post-thumbnail","hentry","category-spor"],"_links":{"self":[{"href":"https:\/\/www.egemtv.com\/index.php?rest_route=\/wp\/v2\/posts\/35858","targetHints":{"allow":["GET"]}}],"collection":[{"href":"https:\/\/www.egemtv.com\/index.php?rest_route=\/wp\/v2\/posts"}],"about":[{"href":"https:\/\/www.egemtv.com\/index.php?rest_route=\/wp\/v2\/types\/post"}],"author":[{"embeddable":true,"href":"https:\/\/www.egemtv.com\/index.php?rest_route=\/wp\/v2\/users\/1"}],"replies":[{"embeddable":true,"href":"https:\/\/www.egemtv.com\/index.php?rest_route=%2Fwp%2Fv2%2Fcomments&post=35858"}],"version-history":[{"count":1,"href":"https:\/\/www.egemtv.com\/index.php?rest_route=\/wp\/v2\/posts\/35858\/revisions"}],"predecessor-version":[{"id":35860,"href":"https:\/\/www.egemtv.com\/index.php?rest_route=\/wp\/v2\/posts\/35858\/revisions\/35860"}],"wp:featuredmedia":[{"embeddable":true,"href":"https:\/\/www.egemtv.com\/index.php?rest_route=\/wp\/v2\/media\/35859"}],"wp:attachment":[{"href":"https:\/\/www.egemtv.com\/index.php?rest_route=%2Fwp%2Fv2%2Fmedia&parent=35858"}],"wp:term":[{"taxonomy":"category","embeddable":true,"href":"https:\/\/www.egemtv.com\/index.php?rest_route=%2Fwp%2Fv2%2Fcategories&post=35858"},{"taxonomy":"post_tag","embeddable":true,"href":"https:\/\/www.egemtv.com\/index.php?rest_route=%2Fwp%2Fv2%2Ftags&post=35858"}],"curies":[{"name":"wp","href":"https:\/\/api.w.org\/{rel}","templated":true}]}}