{"id":35855,"date":"2025-06-18T09:56:47","date_gmt":"2025-06-18T06:56:47","guid":{"rendered":"https:\/\/www.egemtv.com\/?p=35855"},"modified":"2025-06-18T09:56:51","modified_gmt":"2025-06-18T06:56:51","slug":"evde-saklanan-tarihi-paralar-ve-bros-ele-gecirildi","status":"publish","type":"post","link":"https:\/\/www.egemtv.com\/?p=35855","title":{"rendered":"Evde saklanan tarihi paralar ve bro\u015f ele ge\u00e7irildi"},"content":{"rendered":"<p>Ayd\u0131n \u0130l Emniyet M\u00fcd\u00fcrl\u00fc\u011f\u00fc KOM \u015eube ekipleri taraf\u0131ndan \u0130ncirliova il\u00e7esinde bir eve d\u00fczenlenen bask\u0131nda farkl\u0131 d\u00f6nemlere ait 5 adet tarihi para ve 1 adet bro\u015f ele ge\u00e7irilirken, ev sahibi hakk\u0131nda yasal i\u015flem yap\u0131ld\u0131.<\/p>\n<p>Ayd\u0131n \u0130l Emniyet M\u00fcd\u00fcrl\u00fc\u011f\u00fc Ka\u00e7ak\u00e7\u0131l\u0131k ve Organize Su\u00e7larla M\u00fccadele (KOM) \u015eube M\u00fcd\u00fcrl\u00fc\u011f\u00fc taraf\u0131ndan tarihi niteli\u011fi olan k\u00fclt\u00fcr varl\u0131klar\u0131 ka\u00e7ak\u00e7\u0131l\u0131\u011f\u0131 faaliyetlerine ili\u015fkin y\u00fcr\u00fct\u00fclen \u00e7al\u0131\u015fmalar aral\u0131ks\u0131z s\u00fcr\u00fcyor. Edinilen bilgiye g\u00f6re, \u0130ncirliova il\u00e7esinde bulunan bir evde yap\u0131lan aramada farkl\u0131 d\u00f6nemlere ait; 5 adet k\u00fclt\u00fcr varl\u0131\u011f\u0131 niteli\u011finde para, 1 adet k\u00fclt\u00fcr varl\u0131\u011f\u0131 niteli\u011finde bro\u015f ele ge\u00e7irildi. Ev sahibi \u00d6.O. isimli \u015fah\u0131s hakk\u0131nda 2863 Say\u0131l\u0131 K\u00fclt\u00fcr ve Tabiat Varl\u0131klar\u0131n\u0131 Koruma Kanununa Muhalefet su\u00e7undan yasal i\u015flem yap\u0131ld\u0131.<br \/><\/p>\n","protected":false},"excerpt":{"rendered":"<p>Ayd\u0131n \u0130l Emniyet M\u00fcd\u00fcrl\u00fc\u011f\u00fc KOM \u015eube ekipleri taraf\u0131ndan \u0130ncirliova il\u00e7esinde bir eve d\u00fczenlenen bask\u0131nda farkl\u0131 d\u00f6nemlere ait 5 adet tarihi para ve 1 adet bro\u015f ele ge\u00e7irilirken, ev sahibi hakk\u0131nda yasal i\u015flem yap\u0131ld\u0131. Ayd\u0131n \u0130l Emniyet M\u00fcd\u00fcrl\u00fc\u011f\u00fc Ka\u00e7ak\u00e7\u0131l\u0131k ve Organize Su\u00e7larla M\u00fccadele (KOM) \u015eube M\u00fcd\u00fcrl\u00fc\u011f\u00fc taraf\u0131ndan tarihi niteli\u011fi olan k\u00fclt\u00fcr varl\u0131klar\u0131 ka\u00e7ak\u00e7\u0131l\u0131\u011f\u0131 faaliyetlerine ili\u015fkin y\u00fcr\u00fct\u00fclen&#8230;<\/p>\n","protected":false},"author":1,"featured_media":35856,"comment_status":"open","ping_status":"open","sticky":false,"template":"","format":"standard","meta":{"_crdt_document":"","footnotes":""},"categories":[5],"tags":[],"class_list":["post-35855","post","type-post","status-publish","format-standard","has-post-thumbnail","hentry","category-asayis"],"_links":{"self":[{"href":"https:\/\/www.egemtv.com\/index.php?rest_route=\/wp\/v2\/posts\/35855","targetHints":{"allow":["GET"]}}],"collection":[{"href":"https:\/\/www.egemtv.com\/index.php?rest_route=\/wp\/v2\/posts"}],"about":[{"href":"https:\/\/www.egemtv.com\/index.php?rest_route=\/wp\/v2\/types\/post"}],"author":[{"embeddable":true,"href":"https:\/\/www.egemtv.com\/index.php?rest_route=\/wp\/v2\/users\/1"}],"replies":[{"embeddable":true,"href":"https:\/\/www.egemtv.com\/index.php?rest_route=%2Fwp%2Fv2%2Fcomments&post=35855"}],"version-history":[{"count":1,"href":"https:\/\/www.egemtv.com\/index.php?rest_route=\/wp\/v2\/posts\/35855\/revisions"}],"predecessor-version":[{"id":35857,"href":"https:\/\/www.egemtv.com\/index.php?rest_route=\/wp\/v2\/posts\/35855\/revisions\/35857"}],"wp:featuredmedia":[{"embeddable":true,"href":"https:\/\/www.egemtv.com\/index.php?rest_route=\/wp\/v2\/media\/35856"}],"wp:attachment":[{"href":"https:\/\/www.egemtv.com\/index.php?rest_route=%2Fwp%2Fv2%2Fmedia&parent=35855"}],"wp:term":[{"taxonomy":"category","embeddable":true,"href":"https:\/\/www.egemtv.com\/index.php?rest_route=%2Fwp%2Fv2%2Fcategories&post=35855"},{"taxonomy":"post_tag","embeddable":true,"href":"https:\/\/www.egemtv.com\/index.php?rest_route=%2Fwp%2Fv2%2Ftags&post=35855"}],"curies":[{"name":"wp","href":"https:\/\/api.w.org\/{rel}","templated":true}]}}