{"id":35852,"date":"2025-06-18T09:56:42","date_gmt":"2025-06-18T06:56:42","guid":{"rendered":"https:\/\/www.egemtv.com\/?p=35852"},"modified":"2025-06-18T09:56:46","modified_gmt":"2025-06-18T06:56:46","slug":"minik-ekonomililerin-mezuniyet-heyecani","status":"publish","type":"post","link":"https:\/\/www.egemtv.com\/?p=35852","title":{"rendered":"Minik Ekonomililer\u2019in \u2018mezuniyet\u2019 heyecan\u0131"},"content":{"rendered":"<p>\u0130zmir\u2019in vak\u0131f \u00fcniversitesine ait tek anaokulu olan \u0130zmir Ekonomi \u00dcniversitesi (\u0130E\u00dc) Beyaz K\u00f6\u015fk Anaokulu\u2019nda y\u0131l sonu \u015fenli\u011fi ve mezuniyet co\u015fkusu ya\u015fand\u0131. 5-6 ya\u015f grubundaki 19 \u00e7ocuk, hayatlar\u0131n\u0131n ilk mezuniyet heyecan\u0131n\u0131 ya\u015farken, t\u0131pk\u0131 \u00fcniversiteli a\u011fabey ve ablalar\u0131 gibi c\u00fcbbelerini giyip keplerini havaya att\u0131.<\/p>\n<p>\u0130zmir Ekonomi \u00dcniversitesi b\u00fcnyesinde 2022 y\u0131l\u0131nda hizmet vermeye ba\u015flayan Beyaz K\u00f6\u015fk Anaokulu\u2019nun y\u0131l sonu etkinli\u011finde, mezun olan \u00e7ocuklar\u0131n yan\u0131 s\u0131ra anaokulunda e\u011fitim g\u00f6ren di\u011fer \u00f6\u011frenciler de yapt\u0131klar\u0131 etkinliklerle ailelerinin b\u00fcy\u00fck be\u011fenisini kazand\u0131. \u2018\u00c7ikolatal\u0131 Kurabiyeler, \u2018Deniz Kabu\u011fu\u2019, \u2018Marstaki Denizalt\u0131\u2019 ve \u00c7\u0131lg\u0131n Kuklalar\u2019 s\u0131n\u0131f\u0131n\u0131n \u00f6\u011frencileri, \u015fark\u0131lar s\u00f6yleyip spor dersinde \u00f6\u011frendikleri hareketleri yaparak g\u00f6n\u00fcllerince bir g\u00fcn ge\u00e7irdi. Minik Ekonomililer, derslerde yapt\u0131klar\u0131 resimlerden olu\u015fan bir sergi de a\u00e7t\u0131. T\u00f6ren sonunda diplomalar\u0131n\u0131 alarak b\u00fcy\u00fck bir heyecan ve co\u015fkuyla keplerini atan \u00e7ocuklar, renkli g\u00f6r\u00fcnt\u00fcler olu\u015fturdu.<\/p>\n<p>&#8220;Kollar\u0131m\u0131z onlara hep a\u00e7\u0131k&#8221;<br \/>\n<br \/>T\u00f6renin a\u00e7\u0131l\u0131\u015f\u0131nda konu\u015fan \u0130E\u00dc Rekt\u00f6r Yard\u0131mc\u0131s\u0131 Prof. Dr. Asl\u0131 Ceylan \u00d6ner, &#8220;\u00c7ocuklar\u0131m\u0131z\u0131n  g\u00f6z\u00fcndeki \u0131\u015f\u0131lt\u0131, kalplerindeki heyecan ve y\u00fczlerindeki merak dolu ifadeler, bize umut veriyor. Okulumuz; sadece bilgi de\u011fil, \u00e7ocuklara sevgi, sayg\u0131, sorumluluk, do\u011faya ve insana duyarl\u0131l\u0131k gibi temel de\u011ferleri de vermeyi ama\u00e7l\u0131yor. \u00c7ocuklar\u0131m\u0131z\u0131 birey olarak \u00f6nemsiyor, onlar\u0131n \u00f6zg\u00fcvenlerini besliyor ve yeteneklerini ke\u015ffetmeye te\u015fvik ediyoruz. E\u011fitim hayatlar\u0131na bir \u00fcniversitenin b\u00fcnyesinde ba\u015flayan yavrular\u0131m\u0131z\u0131n, hep bilimin \u0131\u015f\u0131\u011f\u0131nda olmalar\u0131n\u0131 diliyoruz. Biz, onlar\u0131n ilk e\u011fitim yuvas\u0131 olduk ama kollar\u0131m\u0131z \u00e7ocuklar\u0131m\u0131za her zaman a\u00e7\u0131k olacak&#8221; diye konu\u015ftu.<\/p>\n<p>&#8220;Gelece\u011fi, \u00e7ocuklar\u0131m\u0131z g\u00fczelle\u015ftirecek&#8221;<br \/>\n<br \/>\u0130E\u00dc Beyaz K\u00f6\u015fk Anaokulu M\u00fcd\u00fcr\u00fc Onur Kurtulu\u015f Kara, bu t\u00f6renin \u00e7ocuklar i\u00e7in ayn\u0131 zamanda yeni bir ba\u015flang\u0131\u00e7 anlam\u0131 ta\u015f\u0131d\u0131\u011f\u0131n\u0131 ifade ederek, &#8220;\u00c7ocuklar\u0131m\u0131zla dolu dolu anlar ya\u015fad\u0131k, unutulmaz hat\u0131ralar biriktirdik. \u0130yi ki onlarla yolumuz kesi\u015fti. Biliyoruz ki, gelece\u011fimizi \u00e7ocuklar\u0131m\u0131z g\u00fczelle\u015ftirecek. Ben, t\u00fcm \u00e7ocuklar\u0131m\u0131za \u00e7ok g\u00fcveniyor; onlar\u0131n hayat boyu ba\u015far\u0131l\u0131 olaca\u011f\u0131na y\u00fcrekten inan\u0131yorum. Her \u015feyin \u00f6z\u00fc mutluluk. Bug\u00fcn, anaokulu olarak hep birlikte mutlulu\u011fumuzu payla\u015f\u0131yoruz. Ailelerimiz, bizlere g\u00fcvendiler ve en de\u011ferli varl\u0131klar\u0131 olan \u00e7ocuklar\u0131n\u0131 emanet ettiler. Ben, ailelerimize de \u00e7ok te\u015fekk\u00fcr ediyorum&#8221; ifadelerini kulland\u0131.<br \/><\/p>\n","protected":false},"excerpt":{"rendered":"<p>\u0130zmir\u2019in vak\u0131f \u00fcniversitesine ait tek anaokulu olan \u0130zmir Ekonomi \u00dcniversitesi (\u0130E\u00dc) Beyaz K\u00f6\u015fk Anaokulu\u2019nda y\u0131l sonu \u015fenli\u011fi ve mezuniyet co\u015fkusu ya\u015fand\u0131. 5-6 ya\u015f grubundaki 19 \u00e7ocuk, hayatlar\u0131n\u0131n ilk mezuniyet heyecan\u0131n\u0131 ya\u015farken, t\u0131pk\u0131 \u00fcniversiteli a\u011fabey ve ablalar\u0131 gibi c\u00fcbbelerini giyip keplerini havaya att\u0131. \u0130zmir Ekonomi \u00dcniversitesi b\u00fcnyesinde 2022 y\u0131l\u0131nda hizmet vermeye ba\u015flayan Beyaz K\u00f6\u015fk Anaokulu\u2019nun y\u0131l&#8230;<\/p>\n","protected":false},"author":1,"featured_media":35853,"comment_status":"open","ping_status":"open","sticky":false,"template":"","format":"standard","meta":{"_crdt_document":"","footnotes":""},"categories":[1],"tags":[],"class_list":["post-35852","post","type-post","status-publish","format-standard","has-post-thumbnail","hentry","category-guncel"],"_links":{"self":[{"href":"https:\/\/www.egemtv.com\/index.php?rest_route=\/wp\/v2\/posts\/35852","targetHints":{"allow":["GET"]}}],"collection":[{"href":"https:\/\/www.egemtv.com\/index.php?rest_route=\/wp\/v2\/posts"}],"about":[{"href":"https:\/\/www.egemtv.com\/index.php?rest_route=\/wp\/v2\/types\/post"}],"author":[{"embeddable":true,"href":"https:\/\/www.egemtv.com\/index.php?rest_route=\/wp\/v2\/users\/1"}],"replies":[{"embeddable":true,"href":"https:\/\/www.egemtv.com\/index.php?rest_route=%2Fwp%2Fv2%2Fcomments&post=35852"}],"version-history":[{"count":1,"href":"https:\/\/www.egemtv.com\/index.php?rest_route=\/wp\/v2\/posts\/35852\/revisions"}],"predecessor-version":[{"id":35854,"href":"https:\/\/www.egemtv.com\/index.php?rest_route=\/wp\/v2\/posts\/35852\/revisions\/35854"}],"wp:featuredmedia":[{"embeddable":true,"href":"https:\/\/www.egemtv.com\/index.php?rest_route=\/wp\/v2\/media\/35853"}],"wp:attachment":[{"href":"https:\/\/www.egemtv.com\/index.php?rest_route=%2Fwp%2Fv2%2Fmedia&parent=35852"}],"wp:term":[{"taxonomy":"category","embeddable":true,"href":"https:\/\/www.egemtv.com\/index.php?rest_route=%2Fwp%2Fv2%2Fcategories&post=35852"},{"taxonomy":"post_tag","embeddable":true,"href":"https:\/\/www.egemtv.com\/index.php?rest_route=%2Fwp%2Fv2%2Ftags&post=35852"}],"curies":[{"name":"wp","href":"https:\/\/api.w.org\/{rel}","templated":true}]}}