{"id":35849,"date":"2025-06-18T09:56:40","date_gmt":"2025-06-18T06:56:40","guid":{"rendered":"https:\/\/www.egemtv.com\/?p=35849"},"modified":"2025-06-18T09:56:42","modified_gmt":"2025-06-18T06:56:42","slug":"ispartada-trafik-ve-asayis-uygulamasi-7-araca-ceza-kesildi","status":"publish","type":"post","link":"https:\/\/www.egemtv.com\/?p=35849","title":{"rendered":"Isparta\u2019da trafik ve asayi\u015f uygulamas\u0131: 7 araca ceza kesildi"},"content":{"rendered":"<p>Isparta\u2019da ger\u00e7ekle\u015ftirilen trafik uygulamalar\u0131nda toplam 282 \u015fah\u0131s ve 147 ara\u00e7 kontrol edildi, 7 s\u00fcr\u00fcc\u00fcye idari para cezas\u0131 uyguland\u0131.<br \/>\n<br \/>Isparta \u0130l Emniyet M\u00fcd\u00fcrl\u00fc\u011f\u00fc ekipleri, kent genelinde trafik g\u00fcvenli\u011fi ve asayi\u015fin sa\u011flanmas\u0131na y\u00f6nelik uygulamalar\u0131na aral\u0131ks\u0131z devam ediyor. Bu kapsamda 16-17 Haziran tarihlerinde 2 ayr\u0131 uygulama ger\u00e7ekle\u015ftirildi. Sal\u0131 g\u00fcn\u00fc 22.30-23.30 saatleri aras\u0131nda yap\u0131lan ilk uygulamada, 96 \u015fah\u0131s ve 53 ara\u00e7 ile s\u00fcr\u00fcc\u00fcs\u00fc kontrol edildi. Denetimlerde kurallara uymad\u0131\u011f\u0131 tespit edilen 3 ara\u00e7 s\u00fcr\u00fcc\u00fcs\u00fcne idari para cezas\u0131 uyguland\u0131. D\u00fcn 16.30-17.30 saatlerinde ger\u00e7ekle\u015ftirilen uygulamada ise 186 \u015fah\u0131s ve 94 ara\u00e7 sorgulan\u0131rken, 4 ara\u00e7 s\u00fcr\u00fcc\u00fcs\u00fcne daha idari para cezas\u0131 kesildi.<br \/><\/p>\n","protected":false},"excerpt":{"rendered":"<p>Isparta\u2019da ger\u00e7ekle\u015ftirilen trafik uygulamalar\u0131nda toplam 282 \u015fah\u0131s ve 147 ara\u00e7 kontrol edildi, 7 s\u00fcr\u00fcc\u00fcye idari para cezas\u0131 uyguland\u0131. Isparta \u0130l Emniyet M\u00fcd\u00fcrl\u00fc\u011f\u00fc ekipleri, kent genelinde trafik g\u00fcvenli\u011fi ve asayi\u015fin sa\u011flanmas\u0131na y\u00f6nelik uygulamalar\u0131na aral\u0131ks\u0131z devam ediyor. Bu kapsamda 16-17 Haziran tarihlerinde 2 ayr\u0131 uygulama ger\u00e7ekle\u015ftirildi. Sal\u0131 g\u00fcn\u00fc 22.30-23.30 saatleri aras\u0131nda yap\u0131lan ilk uygulamada, 96 \u015fah\u0131s ve&#8230;<\/p>\n","protected":false},"author":1,"featured_media":35850,"comment_status":"open","ping_status":"open","sticky":false,"template":"","format":"standard","meta":{"_crdt_document":"","footnotes":""},"categories":[5],"tags":[],"class_list":["post-35849","post","type-post","status-publish","format-standard","has-post-thumbnail","hentry","category-asayis"],"_links":{"self":[{"href":"https:\/\/www.egemtv.com\/index.php?rest_route=\/wp\/v2\/posts\/35849","targetHints":{"allow":["GET"]}}],"collection":[{"href":"https:\/\/www.egemtv.com\/index.php?rest_route=\/wp\/v2\/posts"}],"about":[{"href":"https:\/\/www.egemtv.com\/index.php?rest_route=\/wp\/v2\/types\/post"}],"author":[{"embeddable":true,"href":"https:\/\/www.egemtv.com\/index.php?rest_route=\/wp\/v2\/users\/1"}],"replies":[{"embeddable":true,"href":"https:\/\/www.egemtv.com\/index.php?rest_route=%2Fwp%2Fv2%2Fcomments&post=35849"}],"version-history":[{"count":1,"href":"https:\/\/www.egemtv.com\/index.php?rest_route=\/wp\/v2\/posts\/35849\/revisions"}],"predecessor-version":[{"id":35851,"href":"https:\/\/www.egemtv.com\/index.php?rest_route=\/wp\/v2\/posts\/35849\/revisions\/35851"}],"wp:featuredmedia":[{"embeddable":true,"href":"https:\/\/www.egemtv.com\/index.php?rest_route=\/wp\/v2\/media\/35850"}],"wp:attachment":[{"href":"https:\/\/www.egemtv.com\/index.php?rest_route=%2Fwp%2Fv2%2Fmedia&parent=35849"}],"wp:term":[{"taxonomy":"category","embeddable":true,"href":"https:\/\/www.egemtv.com\/index.php?rest_route=%2Fwp%2Fv2%2Fcategories&post=35849"},{"taxonomy":"post_tag","embeddable":true,"href":"https:\/\/www.egemtv.com\/index.php?rest_route=%2Fwp%2Fv2%2Ftags&post=35849"}],"curies":[{"name":"wp","href":"https:\/\/api.w.org\/{rel}","templated":true}]}}