{"id":35846,"date":"2025-06-18T09:56:36","date_gmt":"2025-06-18T06:56:36","guid":{"rendered":"https:\/\/www.egemtv.com\/?p=35846"},"modified":"2025-06-18T09:56:40","modified_gmt":"2025-06-18T06:56:40","slug":"bir-haftada-218-kisi-ikametini-aydinda-aldirdi","status":"publish","type":"post","link":"https:\/\/www.egemtv.com\/?p=35846","title":{"rendered":"Bir haftada 218 ki\u015fi ikametini Ayd\u0131n\u2019da ald\u0131rd\u0131"},"content":{"rendered":"<p>\u00d6zellikle yaz aylar\u0131nda n\u00fcfus art\u0131\u015f\u0131 ya\u015fayan Ayd\u0131n\u2019da, ikamet izni alan toplam 10 bin 39 yabanc\u0131 ya\u015farken, son 1 haftada 218 ki\u015fi ikametini Ayd\u0131n\u2019a ald\u0131rd\u0131.<\/p>\n<p>Tarihi ve do\u011fal g\u00fczellikleri ile bir\u00e7ok vatanda\u015f\u0131n tercih sebebi olan Ayd\u0131n, yabanc\u0131 uyruklu vatanda\u015flar\u0131n da tercihleri aras\u0131nda yer al\u0131rken, son g\u00fcnlerde ikamet izni alan yabanc\u0131lar\u0131n say\u0131s\u0131nda belirgin d\u00fc\u015f\u00fc\u015f ya\u015fanmaya ba\u015flam\u0131\u015ft\u0131. Ancak son bir haftada art\u0131\u015flar ya\u015fan\u0131rken, yabanc\u0131 uyruklu vatanda\u015flar Ayd\u0131n\u2019a d\u00f6n\u00fc\u015f yapmaya ba\u015flad\u0131.<\/p>\n<p>Ayd\u0131n \u0130l G\u00f6\u00e7 \u0130daresi M\u00fcd\u00fcrl\u00fc\u011f\u00fc\u2019n\u00fcn 5 Haziran 2025 verilerine g\u00f6re 9 bin 821 olan ikamet izinli yabanc\u0131lar\u0131n say\u0131s\u0131 12 Haziran 2025 verilerine g\u00f6re 10 bin 39 oldu. Bir hafta i\u00e7erisinde ikamet izni alan yabanc\u0131lar\u0131n say\u0131s\u0131nda yakla\u015f\u0131k y\u00fczde 2,5 oran\u0131nda art\u0131\u015f ya\u015fan\u0131rken, toplam 218 yabanc\u0131 uyruklu vatanda\u015f ikametini Ayd\u0131n\u2019a ald\u0131rd\u0131.<\/p>\n<p>\u00d6te yandan \u2019Ge\u00e7ici Koruma\u2019 stat\u00fcs\u00fcnde Ayd\u0131n\u2019da ya\u015fayan Suriyelilerin say\u0131s\u0131 da 5 Haziran  2025 tarihinde 7 bin 659 olurken, son bir haftada bu say\u0131 y\u00fczde 0,11 oran\u0131nda azalarak 12 Haziran 2025 tarihinde 7 bin 650 oldu. 1 milyon 165 bin 943 n\u00fcfuslu Ayd\u0131n\u2019daki Suriyelilerin n\u00fcfusa oran\u0131 ise 0,65 oldu.<br \/><\/p>\n","protected":false},"excerpt":{"rendered":"<p>\u00d6zellikle yaz aylar\u0131nda n\u00fcfus art\u0131\u015f\u0131 ya\u015fayan Ayd\u0131n\u2019da, ikamet izni alan toplam 10 bin 39 yabanc\u0131 ya\u015farken, son 1 haftada 218 ki\u015fi ikametini Ayd\u0131n\u2019a ald\u0131rd\u0131. Tarihi ve do\u011fal g\u00fczellikleri ile bir\u00e7ok vatanda\u015f\u0131n tercih sebebi olan Ayd\u0131n, yabanc\u0131 uyruklu vatanda\u015flar\u0131n da tercihleri aras\u0131nda yer al\u0131rken, son g\u00fcnlerde ikamet izni alan yabanc\u0131lar\u0131n say\u0131s\u0131nda belirgin d\u00fc\u015f\u00fc\u015f ya\u015fanmaya ba\u015flam\u0131\u015ft\u0131. Ancak&#8230;<\/p>\n","protected":false},"author":1,"featured_media":35847,"comment_status":"open","ping_status":"open","sticky":false,"template":"","format":"standard","meta":{"_crdt_document":"","footnotes":""},"categories":[1],"tags":[],"class_list":["post-35846","post","type-post","status-publish","format-standard","has-post-thumbnail","hentry","category-guncel"],"_links":{"self":[{"href":"https:\/\/www.egemtv.com\/index.php?rest_route=\/wp\/v2\/posts\/35846","targetHints":{"allow":["GET"]}}],"collection":[{"href":"https:\/\/www.egemtv.com\/index.php?rest_route=\/wp\/v2\/posts"}],"about":[{"href":"https:\/\/www.egemtv.com\/index.php?rest_route=\/wp\/v2\/types\/post"}],"author":[{"embeddable":true,"href":"https:\/\/www.egemtv.com\/index.php?rest_route=\/wp\/v2\/users\/1"}],"replies":[{"embeddable":true,"href":"https:\/\/www.egemtv.com\/index.php?rest_route=%2Fwp%2Fv2%2Fcomments&post=35846"}],"version-history":[{"count":1,"href":"https:\/\/www.egemtv.com\/index.php?rest_route=\/wp\/v2\/posts\/35846\/revisions"}],"predecessor-version":[{"id":35848,"href":"https:\/\/www.egemtv.com\/index.php?rest_route=\/wp\/v2\/posts\/35846\/revisions\/35848"}],"wp:featuredmedia":[{"embeddable":true,"href":"https:\/\/www.egemtv.com\/index.php?rest_route=\/wp\/v2\/media\/35847"}],"wp:attachment":[{"href":"https:\/\/www.egemtv.com\/index.php?rest_route=%2Fwp%2Fv2%2Fmedia&parent=35846"}],"wp:term":[{"taxonomy":"category","embeddable":true,"href":"https:\/\/www.egemtv.com\/index.php?rest_route=%2Fwp%2Fv2%2Fcategories&post=35846"},{"taxonomy":"post_tag","embeddable":true,"href":"https:\/\/www.egemtv.com\/index.php?rest_route=%2Fwp%2Fv2%2Ftags&post=35846"}],"curies":[{"name":"wp","href":"https:\/\/api.w.org\/{rel}","templated":true}]}}