{"id":35843,"date":"2025-06-18T09:56:31","date_gmt":"2025-06-18T06:56:31","guid":{"rendered":"https:\/\/www.egemtv.com\/?p=35843"},"modified":"2025-06-18T09:56:36","modified_gmt":"2025-06-18T06:56:36","slug":"turkiye-kuzey-makedonya-genclik-degisimi-programi-basvurulari-basladi","status":"publish","type":"post","link":"https:\/\/www.egemtv.com\/?p=35843","title":{"rendered":"T\u00fcrkiye &#8211; Kuzey Makedonya Gen\u00e7lik De\u011fi\u015fimi Program\u0131 ba\u015fvurular\u0131 ba\u015flad\u0131"},"content":{"rendered":"<p>DEN\u0130ZL\u0130 (\u0130HA) \u2013 Denizli Gen\u00e7lik Merkezi taraf\u0131ndan haz\u0131rlanan T\u00fcrkiye \u2013 Kuzey Makedonya Gen\u00e7lik De\u011fi\u015fimi Program\u0131 ba\u015fvurular\u0131 ba\u015flad\u0131.<\/p>\n<p>Denizli Gen\u00e7lik Merkezinin Manisa 75. Y\u0131l Gen\u00e7lik Merkezi i\u015fbirli\u011finde hayata ge\u00e7irilen T\u00fcrkiye \u2013 Kuzey Makedonya Gen\u00e7lik De\u011fi\u015fimi Program\u0131 ba\u015fvurular\u0131 ba\u015flad\u0131. Gen\u00e7lerin k\u00fclt\u00fcrleraras\u0131 ileti\u015fim yetkinliklerini g\u00fc\u00e7lendirmeyi, uluslararas\u0131 g\u00f6n\u00fcll\u00fcl\u00fck bilincini art\u0131rmay\u0131 ve liderlik kapasitelerini geli\u015ftirmeyi hedefleyen bu programda; k\u00fclt\u00fcrel etkinlikler, tarihi geziler, g\u00f6n\u00fcll\u00fcl\u00fck faaliyetleri ve gen\u00e7lik liderleriyle etkile\u015fim f\u0131rsatlar\u0131 sunuluyor.<\/p>\n<p>T\u00fcm masraflar Gen\u00e7lik ve Spor Bakanl\u0131\u011f\u0131 taraf\u0131ndan kar\u015f\u0131lanacak program kapsam\u0131nda, 15 \u2013 29 ya\u015f gurubundan 15 asil + 15 yedek kat\u0131l\u0131mc\u0131 se\u00e7ilecek. 16\u201330 Haziran 2025 tarihleri aras\u0131nda devam edecek olan ba\u015fvurularda,  gen\u00e7lik merkezlerine \u00fcye ve faaliyetlere aktif kat\u0131l\u0131m sa\u011flamak, kamu veya sivil toplum alan\u0131nda g\u00f6n\u00fcll\u00fcl\u00fck deneyimine sahip olmak ve tercihen yabanc\u0131 dil bilgisine sahip olmak \u015fartlar\u0131 aranacak.<br \/><\/p>\n","protected":false},"excerpt":{"rendered":"<p>DEN\u0130ZL\u0130 (\u0130HA) \u2013 Denizli Gen\u00e7lik Merkezi taraf\u0131ndan haz\u0131rlanan T\u00fcrkiye \u2013 Kuzey Makedonya Gen\u00e7lik De\u011fi\u015fimi Program\u0131 ba\u015fvurular\u0131 ba\u015flad\u0131. Denizli Gen\u00e7lik Merkezinin Manisa 75. Y\u0131l Gen\u00e7lik Merkezi i\u015fbirli\u011finde hayata ge\u00e7irilen T\u00fcrkiye \u2013 Kuzey Makedonya Gen\u00e7lik De\u011fi\u015fimi Program\u0131 ba\u015fvurular\u0131 ba\u015flad\u0131. Gen\u00e7lerin k\u00fclt\u00fcrleraras\u0131 ileti\u015fim yetkinliklerini g\u00fc\u00e7lendirmeyi, uluslararas\u0131 g\u00f6n\u00fcll\u00fcl\u00fck bilincini art\u0131rmay\u0131 ve liderlik kapasitelerini geli\u015ftirmeyi hedefleyen bu programda; k\u00fclt\u00fcrel etkinlikler,&#8230;<\/p>\n","protected":false},"author":1,"featured_media":35844,"comment_status":"open","ping_status":"open","sticky":false,"template":"","format":"standard","meta":{"_crdt_document":"","footnotes":""},"categories":[4],"tags":[],"class_list":["post-35843","post","type-post","status-publish","format-standard","has-post-thumbnail","hentry","category-spor"],"_links":{"self":[{"href":"https:\/\/www.egemtv.com\/index.php?rest_route=\/wp\/v2\/posts\/35843","targetHints":{"allow":["GET"]}}],"collection":[{"href":"https:\/\/www.egemtv.com\/index.php?rest_route=\/wp\/v2\/posts"}],"about":[{"href":"https:\/\/www.egemtv.com\/index.php?rest_route=\/wp\/v2\/types\/post"}],"author":[{"embeddable":true,"href":"https:\/\/www.egemtv.com\/index.php?rest_route=\/wp\/v2\/users\/1"}],"replies":[{"embeddable":true,"href":"https:\/\/www.egemtv.com\/index.php?rest_route=%2Fwp%2Fv2%2Fcomments&post=35843"}],"version-history":[{"count":1,"href":"https:\/\/www.egemtv.com\/index.php?rest_route=\/wp\/v2\/posts\/35843\/revisions"}],"predecessor-version":[{"id":35845,"href":"https:\/\/www.egemtv.com\/index.php?rest_route=\/wp\/v2\/posts\/35843\/revisions\/35845"}],"wp:featuredmedia":[{"embeddable":true,"href":"https:\/\/www.egemtv.com\/index.php?rest_route=\/wp\/v2\/media\/35844"}],"wp:attachment":[{"href":"https:\/\/www.egemtv.com\/index.php?rest_route=%2Fwp%2Fv2%2Fmedia&parent=35843"}],"wp:term":[{"taxonomy":"category","embeddable":true,"href":"https:\/\/www.egemtv.com\/index.php?rest_route=%2Fwp%2Fv2%2Fcategories&post=35843"},{"taxonomy":"post_tag","embeddable":true,"href":"https:\/\/www.egemtv.com\/index.php?rest_route=%2Fwp%2Fv2%2Ftags&post=35843"}],"curies":[{"name":"wp","href":"https:\/\/api.w.org\/{rel}","templated":true}]}}