{"id":35840,"date":"2025-06-18T09:56:26","date_gmt":"2025-06-18T06:56:26","guid":{"rendered":"https:\/\/www.egemtv.com\/?p=35840"},"modified":"2025-06-18T09:56:31","modified_gmt":"2025-06-18T06:56:31","slug":"didim-belediyesi-mavisehir-sahilini-temizledi","status":"publish","type":"post","link":"https:\/\/www.egemtv.com\/?p=35840","title":{"rendered":"Didim Belediyesi Mavi\u015fehir Sahili\u2019ni temizledi"},"content":{"rendered":"<p>Didim Belediyesi Temizlik \u0130\u015fleri M\u00fcd\u00fcrl\u00fc\u011f\u00fc ekipleri, Mavi\u015fehir Sahili\u2019nde kapsaml\u0131 bir temizlik \u00e7al\u0131\u015fmas\u0131 ger\u00e7ekle\u015ftirdi.<\/p>\n<p>Artan ziyaret\u00e7i yo\u011funlu\u011funa paralel olarak s\u00fcrd\u00fcr\u00fclen \u00e7al\u0131\u015fmalarla birlikte sahil, hem \u00e7evre sa\u011fl\u0131\u011f\u0131 hem de g\u00f6rsel d\u00fczen a\u00e7\u0131s\u0131ndan daha hijyenik ve d\u00fczenli bir g\u00f6r\u00fcn\u00fcme kavu\u015fturuldu. Didim\u2019de ya\u015fayan vatanda\u015flar\u0131n ve il\u00e7eyi ziyaret eden misafirlerin sahillerden en iyi \u015fekilde faydalanabilmesi i\u00e7in Didim Belediyesi, temizlik \u00e7al\u0131\u015fmalar\u0131n\u0131 periyodik olarak s\u00fcrd\u00fcr\u00fcyor. Ger\u00e7ekle\u015ftirilen temizlikle ilgili a\u00e7\u0131klamada bulunan Didim Belediye Ba\u015fkan\u0131 Hatice Gen\u00e7ay, &#8220;Kentimizin g\u00f6zde sahil noktalar\u0131ndan Mavi\u015fehir\u2019de ekiplerimiz titiz bir temizlik \u00e7al\u0131\u015fmas\u0131 ger\u00e7ekle\u015ftirdi. Hem \u00e7evre sa\u011fl\u0131\u011f\u0131na hem de halk\u0131m\u0131z\u0131n konforuna \u00f6nem vererek, sahillerimizi en iyi \u015fekilde korumaya devam edece\u011fiz. Daha temiz ve ya\u015fanabilir bir Didim i\u00e7in ekiplerimiz sahada&#8221; ifadelerini kulland\u0131.<br \/><\/p>\n","protected":false},"excerpt":{"rendered":"<p>Didim Belediyesi Temizlik \u0130\u015fleri M\u00fcd\u00fcrl\u00fc\u011f\u00fc ekipleri, Mavi\u015fehir Sahili\u2019nde kapsaml\u0131 bir temizlik \u00e7al\u0131\u015fmas\u0131 ger\u00e7ekle\u015ftirdi. Artan ziyaret\u00e7i yo\u011funlu\u011funa paralel olarak s\u00fcrd\u00fcr\u00fclen \u00e7al\u0131\u015fmalarla birlikte sahil, hem \u00e7evre sa\u011fl\u0131\u011f\u0131 hem de g\u00f6rsel d\u00fczen a\u00e7\u0131s\u0131ndan daha hijyenik ve d\u00fczenli bir g\u00f6r\u00fcn\u00fcme kavu\u015fturuldu. Didim\u2019de ya\u015fayan vatanda\u015flar\u0131n ve il\u00e7eyi ziyaret eden misafirlerin sahillerden en iyi \u015fekilde faydalanabilmesi i\u00e7in Didim Belediyesi, temizlik \u00e7al\u0131\u015fmalar\u0131n\u0131&#8230;<\/p>\n","protected":false},"author":1,"featured_media":35841,"comment_status":"open","ping_status":"open","sticky":false,"template":"","format":"standard","meta":{"_crdt_document":"","footnotes":""},"categories":[1],"tags":[],"class_list":["post-35840","post","type-post","status-publish","format-standard","has-post-thumbnail","hentry","category-guncel"],"_links":{"self":[{"href":"https:\/\/www.egemtv.com\/index.php?rest_route=\/wp\/v2\/posts\/35840","targetHints":{"allow":["GET"]}}],"collection":[{"href":"https:\/\/www.egemtv.com\/index.php?rest_route=\/wp\/v2\/posts"}],"about":[{"href":"https:\/\/www.egemtv.com\/index.php?rest_route=\/wp\/v2\/types\/post"}],"author":[{"embeddable":true,"href":"https:\/\/www.egemtv.com\/index.php?rest_route=\/wp\/v2\/users\/1"}],"replies":[{"embeddable":true,"href":"https:\/\/www.egemtv.com\/index.php?rest_route=%2Fwp%2Fv2%2Fcomments&post=35840"}],"version-history":[{"count":1,"href":"https:\/\/www.egemtv.com\/index.php?rest_route=\/wp\/v2\/posts\/35840\/revisions"}],"predecessor-version":[{"id":35842,"href":"https:\/\/www.egemtv.com\/index.php?rest_route=\/wp\/v2\/posts\/35840\/revisions\/35842"}],"wp:featuredmedia":[{"embeddable":true,"href":"https:\/\/www.egemtv.com\/index.php?rest_route=\/wp\/v2\/media\/35841"}],"wp:attachment":[{"href":"https:\/\/www.egemtv.com\/index.php?rest_route=%2Fwp%2Fv2%2Fmedia&parent=35840"}],"wp:term":[{"taxonomy":"category","embeddable":true,"href":"https:\/\/www.egemtv.com\/index.php?rest_route=%2Fwp%2Fv2%2Fcategories&post=35840"},{"taxonomy":"post_tag","embeddable":true,"href":"https:\/\/www.egemtv.com\/index.php?rest_route=%2Fwp%2Fv2%2Ftags&post=35840"}],"curies":[{"name":"wp","href":"https:\/\/api.w.org\/{rel}","templated":true}]}}