{"id":35837,"date":"2025-06-18T09:56:21","date_gmt":"2025-06-18T06:56:21","guid":{"rendered":"https:\/\/www.egemtv.com\/?p=35837"},"modified":"2025-06-18T09:56:25","modified_gmt":"2025-06-18T06:56:25","slug":"baskan-cercioglu-yapti-aydinlilar-sporla-bulustu","status":"publish","type":"post","link":"https:\/\/www.egemtv.com\/?p=35837","title":{"rendered":"Ba\u015fkan \u00c7er\u00e7io\u011flu yapt\u0131, Ayd\u0131nl\u0131lar sporla bulu\u015ftu"},"content":{"rendered":"<p>Ayd\u0131n B\u00fcy\u00fck\u015fehir Belediyesi taraf\u0131ndan hizmete a\u00e7\u0131lan Atat\u00fcrk Spor Kompleksi, Ayd\u0131nl\u0131lar\u0131 spor ve sa\u011fl\u0131kl\u0131 ya\u015fam ile bulu\u015fturmaya devam ediyor.<br \/>\n<br \/>Sporu vatanda\u015flar\u0131n g\u00fcnl\u00fck hayat\u0131n\u0131n bir par\u00e7as\u0131 haline getiren Atat\u00fcrk Spor Kompleksi, hem amat\u00f6r sporculara hem de sporsever vatanda\u015flara d\u00f6rt mevsim kesintisiz hizmet veriyor.<br \/>\n<br \/>Atat\u00fcrk Spor Kompleksi, sadece bir spor alan\u0131 de\u011fil; ayn\u0131 zamanda sosyal bir bulu\u015fma noktas\u0131 olarak da \u00f6ne \u00e7\u0131k\u0131yor. Kentte ya\u015fayan sporseverlerin birinci tercihi olan kompleks, hava s\u0131cakl\u0131klar\u0131n\u0131n y\u00fcksek oldu\u011fu yaz g\u00fcnlerinde sundu\u011fu imk\u00e2nlarla her ya\u015ftan Ayd\u0131nl\u0131 taraf\u0131ndan tercih ediliyor. Ayd\u0131n B\u00fcy\u00fck\u015fehir Belediye Ba\u015fkan\u0131 \u00d6zlem \u00c7er\u00e7io\u011flu, t\u00fcm vatanda\u015flar\u0131 Atat\u00fcrk Spor Kompleksi\u2019ne davet etti.<br \/>\n<br \/>Ba\u015fkan \u00c7er\u00e7io\u011flu\u2019nun Ayd\u0131n\u2019a kazand\u0131rd\u0131\u011f\u0131 projelerden olan Atat\u00fcrk Spor Kompleksi b\u00fcnyesinde bir\u00e7ok hizmet vatanda\u015flara sunuluyor. Olimpik havuz, yar\u0131 olimpik havuz, tenis kortlar\u0131, reformer ve fitness s\u0131n\u0131f\u0131, spor salonu ile bir\u00e7ok farkl\u0131 spor i\u00e7in kullan\u0131lan alanlar\u0131 b\u00fcnyesinde bulunduran komplekste uzman e\u011fitmenler taraf\u0131ndan her ya\u015ftan Ayd\u0131nl\u0131 i\u00e7in dersler de veriliyor. \u00c7ocuk ve gen\u00e7lerin onlarca farkl\u0131 spor bran\u015f\u0131nda dersler ald\u0131\u011f\u0131 komplekste yeti\u015fkinler i\u00e7in spinning, zumba, pilates, yoga, crossfit ve jimnastik e\u011fitimleri de sunuluyor. Atat\u00fcrk Spor Kompleksi\u2019nde vatanda\u015flar sauna ve kafeteryay\u0131 kullanma imk\u00e2n\u0131na da ula\u015f\u0131yor. Dev tesisin t\u00fcm b\u00f6l\u00fcmleri hijyen ve g\u00fcvenlik standartlar\u0131na uygun \u015fekilde d\u00fczenli olarak denetleniyor.<br \/>\n<br \/>&#8220;Spora ve sporculara desteklerimiz s\u00fcrecek&#8221;<br \/>\n<br \/>B\u00fcy\u00fck\u015fehir Belediyesi taraf\u0131ndan ger\u00e7ekle\u015ftirilen spor yat\u0131r\u0131mlar\u0131n\u0131n s\u00fcrece\u011fini, sporculara destek olmaya devam edeceklerini belirten Ba\u015fkan \u00c7er\u00e7io\u011flu, &#8220;Sporun ve sporcular\u0131n yan\u0131nda olmaya devam edece\u011fiz. Efeler il\u00e7esinde yap\u0131m\u0131 devam eden Kapal\u0131 Spor Salonu da k\u0131sa zaman i\u00e7erisinde hizmete a\u00e7\u0131lacak. T\u00fcm vatanda\u015flar\u0131m\u0131z\u0131 spor yapmaya, sa\u011fl\u0131kl\u0131 ya\u015famaya davet ediyorum&#8221; ifadelerini kulland\u0131.<br \/><\/p>\n","protected":false},"excerpt":{"rendered":"<p>Ayd\u0131n B\u00fcy\u00fck\u015fehir Belediyesi taraf\u0131ndan hizmete a\u00e7\u0131lan Atat\u00fcrk Spor Kompleksi, Ayd\u0131nl\u0131lar\u0131 spor ve sa\u011fl\u0131kl\u0131 ya\u015fam ile bulu\u015fturmaya devam ediyor. Sporu vatanda\u015flar\u0131n g\u00fcnl\u00fck hayat\u0131n\u0131n bir par\u00e7as\u0131 haline getiren Atat\u00fcrk Spor Kompleksi, hem amat\u00f6r sporculara hem de sporsever vatanda\u015flara d\u00f6rt mevsim kesintisiz hizmet veriyor. Atat\u00fcrk Spor Kompleksi, sadece bir spor alan\u0131 de\u011fil; ayn\u0131 zamanda sosyal bir bulu\u015fma noktas\u0131&#8230;<\/p>\n","protected":false},"author":1,"featured_media":35838,"comment_status":"open","ping_status":"open","sticky":false,"template":"","format":"standard","meta":{"_crdt_document":"","footnotes":""},"categories":[5],"tags":[],"class_list":["post-35837","post","type-post","status-publish","format-standard","has-post-thumbnail","hentry","category-asayis"],"_links":{"self":[{"href":"https:\/\/www.egemtv.com\/index.php?rest_route=\/wp\/v2\/posts\/35837","targetHints":{"allow":["GET"]}}],"collection":[{"href":"https:\/\/www.egemtv.com\/index.php?rest_route=\/wp\/v2\/posts"}],"about":[{"href":"https:\/\/www.egemtv.com\/index.php?rest_route=\/wp\/v2\/types\/post"}],"author":[{"embeddable":true,"href":"https:\/\/www.egemtv.com\/index.php?rest_route=\/wp\/v2\/users\/1"}],"replies":[{"embeddable":true,"href":"https:\/\/www.egemtv.com\/index.php?rest_route=%2Fwp%2Fv2%2Fcomments&post=35837"}],"version-history":[{"count":1,"href":"https:\/\/www.egemtv.com\/index.php?rest_route=\/wp\/v2\/posts\/35837\/revisions"}],"predecessor-version":[{"id":35839,"href":"https:\/\/www.egemtv.com\/index.php?rest_route=\/wp\/v2\/posts\/35837\/revisions\/35839"}],"wp:featuredmedia":[{"embeddable":true,"href":"https:\/\/www.egemtv.com\/index.php?rest_route=\/wp\/v2\/media\/35838"}],"wp:attachment":[{"href":"https:\/\/www.egemtv.com\/index.php?rest_route=%2Fwp%2Fv2%2Fmedia&parent=35837"}],"wp:term":[{"taxonomy":"category","embeddable":true,"href":"https:\/\/www.egemtv.com\/index.php?rest_route=%2Fwp%2Fv2%2Fcategories&post=35837"},{"taxonomy":"post_tag","embeddable":true,"href":"https:\/\/www.egemtv.com\/index.php?rest_route=%2Fwp%2Fv2%2Ftags&post=35837"}],"curies":[{"name":"wp","href":"https:\/\/api.w.org\/{rel}","templated":true}]}}