{"id":35834,"date":"2025-06-18T09:37:24","date_gmt":"2025-06-18T06:37:24","guid":{"rendered":"https:\/\/www.egemtv.com\/?p=35834"},"modified":"2025-06-18T09:37:29","modified_gmt":"2025-06-18T06:37:29","slug":"kentin-tek-profesyonel-takimina-denizlide-mac-yapacak-saha-bulunamadi","status":"publish","type":"post","link":"https:\/\/www.egemtv.com\/?p=35834","title":{"rendered":"Kentin tek profesyonel tak\u0131m\u0131na Denizli\u2019de ma\u00e7 yapacak saha bulunamad\u0131"},"content":{"rendered":"<p>Geride kalan sezonda BAL\u2019da \u015fampiyon olarak T\u00fcrkiye 3. Liginde m\u00fccadele etmeye hak kazanan Denizli \u0130dmanyurdu\u2019nda ma\u00e7lar\u0131n oynayaca\u011f\u0131 saha sorunu ortaya \u00e7\u0131kt\u0131. K\u0131rm\u0131z\u0131 siyahl\u0131lar\u0131n Denizli B\u00fcy\u00fck\u015fehir Belediyesi ve Gen\u00e7likspor \u0130l M\u00fcd\u00fcrl\u00fc\u011f\u00fcn\u00fcn statlar\u0131 vermemesi neticesinde K\u0131z\u0131lcab\u00f6l\u00fck ve \u00c7ivril Stad\u0131nda oynamak i\u00e7in m\u00fcracaat edece\u011fi belirtildi.<\/p>\n<p>2024-2025 sezonunda B\u00f6lgesel Amat\u00f6r Lig 7. Grupta \u015eampiyon olarak 3. Lige y\u00fckselen ve Denizlispor\u2019un BAL\u2019a d\u00fc\u015fmesi nedeniyle Denizli\u2019nin tek profesyonel tak\u0131m\u0131 olan Denizli \u0130dmanyurdu G\u00fcrellerspor\u2019un ma\u00e7lar\u0131n\u0131 K\u0131z\u0131lcab\u00f6l\u00fck ya da \u00c7ivril sahalar\u0131n\u0131 oynamak \u00fczere TFF\u2019e bildirece\u011fi \u00f6\u011frenildi.<br \/>\n<br \/>Yeni sezonda ma\u00e7lar\u0131n\u0131 oynamak i\u00e7in Denizli B\u00fcy\u00fck\u015fehir Belediye Ba\u015fkanl\u0131\u011f\u0131na ait olan ve 2024 y\u0131l\u0131na kadar Denizlispor U19 ve K\u0131z\u0131lcab\u00f6l\u00fckspor taraf\u0131ndan kullan\u0131lan Do\u011fan Seyfi Atl\u0131 stad\u0131n\u0131n tahsis edilmesi i\u00e7in Denizli B\u00fcy\u00fck\u015fehir Belediye B\u00fclent Nuri \u00c7avu\u015fo\u011flu ile g\u00f6r\u00fc\u015fmek isteyen k\u0131rm\u0131z\u0131 siyahl\u0131 tak\u0131ma Belediye Ba\u015fkanl\u0131\u011f\u0131 taraf\u0131nda randevu dahi verilmedi\u011fi ortaya \u00e7\u0131kt\u0131.<\/p>\n<p>Bunun \u00fczerine Denizli\u2019nin tek profesyonel tak\u0131m\u0131n\u0131n B\u00fcy\u00fck\u015fehir Belediyesi Spor Daire Ba\u015fkanl\u0131\u011f\u0131na m\u00fcracaat ederek ma\u00e7lar\u0131n oynanmas\u0131 i\u00e7in Do\u011fan Seyfi Atl\u0131 Stad\u0131n\u0131n tahsis edilmesi talebinde bulundu ancak oradan da olumlu sonu\u00e7 alamad\u0131\u011f\u0131 \u00f6\u011frenildi.<\/p>\n<p>Daha sonra ikinci tercih olarak Gen\u00e7likspor \u0130l M\u00fcd\u00fcrl\u00fc\u011f\u00fcne m\u00fcracaat ederek ma\u00e7lar\u0131n\u0131 Atat\u00fcrk Stad\u0131nda oynanmas\u0131 i\u00e7in ba\u015fvuran Denizli \u0130dmanyurdu G\u00fcrellerspor\u2019un oradan da olumlu sonu\u00e7 alamay\u0131nca Denizli\u2019ye 45 km. uzakl\u0131ktaki K\u0131z\u0131lcab\u00f6l\u00fck ve Denizli\u2019ye 110 km uzakl\u0131ktaki \u00c7ivril Stad\u0131n\u0131 son g\u00fcnde TFF\u2019e bildirmek zorunda kalaca\u011f\u0131 a\u00e7\u0131kland\u0131.<\/p>\n<p>Denizli\u2019nin tek profesyonel tak\u0131m\u0131n\u0131n stat sorunu ya\u015famas\u0131 ve gerek B\u00fcy\u00fck \u015eehir Belediye Ba\u015fkanl\u0131\u011f\u0131 gerekse Gen\u00e7likspor \u0130l M\u00fcd\u00fcrl\u00fc\u011f\u00fc taraf\u0131ndan gerekli kolayl\u0131\u011f\u0131n g\u00f6sterilmemesi ve desteklenmemesi spor kamuoyunda rahats\u0131zl\u0131\u011fa neden oldu.<\/p>\n<p>Denizli halk\u0131na ait olan ve Denizli B\u00fcy\u00fck\u015fehir Belediyesi taraf\u0131ndan i\u015fletilen Denizli\u2019nin tek profesyonel tak\u0131m\u0131na verilmeyen Do\u011fan Seyfi Atl\u0131 Stad\u0131n\u0131n neden verilmedi\u011fi ve Belediye taraf\u0131ndan ne maksatla kullan\u0131laca\u011f\u0131 merak konusu oldu.<br \/><\/p>\n","protected":false},"excerpt":{"rendered":"<p>Geride kalan sezonda BAL\u2019da \u015fampiyon olarak T\u00fcrkiye 3. Liginde m\u00fccadele etmeye hak kazanan Denizli \u0130dmanyurdu\u2019nda ma\u00e7lar\u0131n oynayaca\u011f\u0131 saha sorunu ortaya \u00e7\u0131kt\u0131. K\u0131rm\u0131z\u0131 siyahl\u0131lar\u0131n Denizli B\u00fcy\u00fck\u015fehir Belediyesi ve Gen\u00e7likspor \u0130l M\u00fcd\u00fcrl\u00fc\u011f\u00fcn\u00fcn statlar\u0131 vermemesi neticesinde K\u0131z\u0131lcab\u00f6l\u00fck ve \u00c7ivril Stad\u0131nda oynamak i\u00e7in m\u00fcracaat edece\u011fi belirtildi. 2024-2025 sezonunda B\u00f6lgesel Amat\u00f6r Lig 7. Grupta \u015eampiyon olarak 3. Lige y\u00fckselen ve&#8230;<\/p>\n","protected":false},"author":1,"featured_media":35835,"comment_status":"open","ping_status":"open","sticky":false,"template":"","format":"standard","meta":{"_crdt_document":"","footnotes":""},"categories":[4],"tags":[],"class_list":["post-35834","post","type-post","status-publish","format-standard","has-post-thumbnail","hentry","category-spor"],"_links":{"self":[{"href":"https:\/\/www.egemtv.com\/index.php?rest_route=\/wp\/v2\/posts\/35834","targetHints":{"allow":["GET"]}}],"collection":[{"href":"https:\/\/www.egemtv.com\/index.php?rest_route=\/wp\/v2\/posts"}],"about":[{"href":"https:\/\/www.egemtv.com\/index.php?rest_route=\/wp\/v2\/types\/post"}],"author":[{"embeddable":true,"href":"https:\/\/www.egemtv.com\/index.php?rest_route=\/wp\/v2\/users\/1"}],"replies":[{"embeddable":true,"href":"https:\/\/www.egemtv.com\/index.php?rest_route=%2Fwp%2Fv2%2Fcomments&post=35834"}],"version-history":[{"count":1,"href":"https:\/\/www.egemtv.com\/index.php?rest_route=\/wp\/v2\/posts\/35834\/revisions"}],"predecessor-version":[{"id":35836,"href":"https:\/\/www.egemtv.com\/index.php?rest_route=\/wp\/v2\/posts\/35834\/revisions\/35836"}],"wp:featuredmedia":[{"embeddable":true,"href":"https:\/\/www.egemtv.com\/index.php?rest_route=\/wp\/v2\/media\/35835"}],"wp:attachment":[{"href":"https:\/\/www.egemtv.com\/index.php?rest_route=%2Fwp%2Fv2%2Fmedia&parent=35834"}],"wp:term":[{"taxonomy":"category","embeddable":true,"href":"https:\/\/www.egemtv.com\/index.php?rest_route=%2Fwp%2Fv2%2Fcategories&post=35834"},{"taxonomy":"post_tag","embeddable":true,"href":"https:\/\/www.egemtv.com\/index.php?rest_route=%2Fwp%2Fv2%2Ftags&post=35834"}],"curies":[{"name":"wp","href":"https:\/\/api.w.org\/{rel}","templated":true}]}}