{"id":35828,"date":"2025-06-18T09:37:11","date_gmt":"2025-06-18T06:37:11","guid":{"rendered":"https:\/\/www.egemtv.com\/?p=35828"},"modified":"2025-06-18T09:37:16","modified_gmt":"2025-06-18T06:37:16","slug":"tavas-belediyesi-16-bin-metre-kirsal-yolunun-onarimini-yapti","status":"publish","type":"post","link":"https:\/\/www.egemtv.com\/?p=35828","title":{"rendered":"Tavas Belediyesi 16 bin metre k\u0131rsal yolunun onar\u0131m\u0131n\u0131 yapt\u0131"},"content":{"rendered":"<p>Tavas Belediyesi, Tavas Merkez ve Mahallelerde \u00e7\u0131kma asfalt maddesiyle 15 bin 936 metrelik yolun onar\u0131m\u0131n\u0131 yapt\u0131. Kullan\u0131labilirli\u011fi azalan asfaltlar\u0131 geri d\u00f6n\u00fc\u015f\u00fcm de kullan\u0131lmas\u0131yla k\u0131rsal yollar\u0131 kullanan vatanda\u015flar\u0131n daha g\u00fcvenli yolculuk yapmas\u0131 sa\u011fland\u0131.<\/p>\n<p>Tavas Belediyesi, vatanda\u015flar\u0131n talepleri do\u011frultusunda k\u0131rsal b\u00f6lgelerdeki yollar\u0131n onar\u0131m\u0131n\u0131 yapt\u0131. Tavas\u2019\u0131n Ba\u011flar mevkiinde 12 bin 450 metrelik ve Tekke Mahallesinde 3 bin 489 metrelik k\u0131rsal tarla yolar\u0131na \u00e7\u0131kma asfalt maddesi serilerek vatanda\u015flar\u0131n tarlalar\u0131na daha g\u00fcvenli ve konforlu gitmeleri sa\u011fland\u0131. Kullan\u0131labilirli\u011fi azalm\u0131\u015f eski asfaltlar yeniden de\u011ferlendirimesiyle hem ekonomik hem geri d\u00f6n\u00fc\u015f\u00fcm anlam\u0131nda kazan\u00e7 sa\u011flayan belediye, vatanda\u015flar\u0131 da tozdan ve \u00e7amurdan kurtarm\u0131\u015f oldu.<\/p>\n<p>Talep odakl\u0131, \u00e7evreye duyarl\u0131 ve kaynaklar\u0131 etkin kullanmaya devam edeceklerini belirten Tavas Belediye Ba\u015fkan\u0131 Kadir Tat\u0131k, &#8220;Tavas Ba\u011flar b\u00f6lgesi ba\u015fta olmak \u00fczere, merkezde toplam 12 bin 450 metre uzunlu\u011funda toprak yol, vatanda\u015flar\u0131m\u0131z\u0131n talepleri do\u011frultusunda ekonomik ve \u00e7evreci bir y\u00f6ntem olan \u00e7\u0131kma asfalt serimi (geri d\u00f6n\u00fc\u015f\u00fcm asfalt\u0131) ile kapland\u0131. B\u00f6ylece hem kullan\u0131labilirli\u011fi azalm\u0131\u015f eski asfaltlar yeniden de\u011ferlendirildi, hem de vatanda\u015flar\u0131m\u0131z tozdan ve \u00e7amurdan kurtar\u0131ld\u0131. Sadece merkez de\u011fil, Tavas\u2019\u0131n her mahallesi bizim i\u00e7in de\u011ferli. Bu anlay\u0131\u015fla, Tekke Mahallemizde de 3 bin 489 metre uzunlu\u011funda toprak yolu \u00e7\u0131kma asfaltla bulu\u015fturduk. K\u0131rsaldaki vatanda\u015flar\u0131m\u0131z\u0131n da \u015fehir konforunda ula\u015f\u0131m imkan\u0131na sahip olmas\u0131 i\u00e7in t\u00fcm imk\u00e2nlar\u0131m\u0131z\u0131 seferber ettik. Daha ya\u015fanabilir bir Tavas i\u00e7in, hem merkezde hem k\u0131rsalda vatanda\u015flar\u0131m\u0131z\u0131n hayat\u0131n\u0131 kolayla\u015ft\u0131racak hizmetleri ad\u0131m ad\u0131m hayata ge\u00e7irmeye devam ediyoruz. Talep odakl\u0131, \u00e7evreye duyarl\u0131 ve kaynaklar\u0131 etkin kullanan bu hizmet anlay\u0131\u015f\u0131m\u0131zla sadece yollar\u0131 de\u011fil, g\u00f6n\u00fclleri de birle\u015ftiriyoruz&#8221; ifadelerini kulland\u0131.<br \/><\/p>\n","protected":false},"excerpt":{"rendered":"<p>Tavas Belediyesi, Tavas Merkez ve Mahallelerde \u00e7\u0131kma asfalt maddesiyle 15 bin 936 metrelik yolun onar\u0131m\u0131n\u0131 yapt\u0131. Kullan\u0131labilirli\u011fi azalan asfaltlar\u0131 geri d\u00f6n\u00fc\u015f\u00fcm de kullan\u0131lmas\u0131yla k\u0131rsal yollar\u0131 kullanan vatanda\u015flar\u0131n daha g\u00fcvenli yolculuk yapmas\u0131 sa\u011fland\u0131. Tavas Belediyesi, vatanda\u015flar\u0131n talepleri do\u011frultusunda k\u0131rsal b\u00f6lgelerdeki yollar\u0131n onar\u0131m\u0131n\u0131 yapt\u0131. Tavas\u2019\u0131n Ba\u011flar mevkiinde 12 bin 450 metrelik ve Tekke Mahallesinde 3 bin 489&#8230;<\/p>\n","protected":false},"author":1,"featured_media":35829,"comment_status":"open","ping_status":"open","sticky":false,"template":"","format":"standard","meta":{"_crdt_document":"","footnotes":""},"categories":[1],"tags":[],"class_list":["post-35828","post","type-post","status-publish","format-standard","has-post-thumbnail","hentry","category-guncel"],"_links":{"self":[{"href":"https:\/\/www.egemtv.com\/index.php?rest_route=\/wp\/v2\/posts\/35828","targetHints":{"allow":["GET"]}}],"collection":[{"href":"https:\/\/www.egemtv.com\/index.php?rest_route=\/wp\/v2\/posts"}],"about":[{"href":"https:\/\/www.egemtv.com\/index.php?rest_route=\/wp\/v2\/types\/post"}],"author":[{"embeddable":true,"href":"https:\/\/www.egemtv.com\/index.php?rest_route=\/wp\/v2\/users\/1"}],"replies":[{"embeddable":true,"href":"https:\/\/www.egemtv.com\/index.php?rest_route=%2Fwp%2Fv2%2Fcomments&post=35828"}],"version-history":[{"count":1,"href":"https:\/\/www.egemtv.com\/index.php?rest_route=\/wp\/v2\/posts\/35828\/revisions"}],"predecessor-version":[{"id":35830,"href":"https:\/\/www.egemtv.com\/index.php?rest_route=\/wp\/v2\/posts\/35828\/revisions\/35830"}],"wp:featuredmedia":[{"embeddable":true,"href":"https:\/\/www.egemtv.com\/index.php?rest_route=\/wp\/v2\/media\/35829"}],"wp:attachment":[{"href":"https:\/\/www.egemtv.com\/index.php?rest_route=%2Fwp%2Fv2%2Fmedia&parent=35828"}],"wp:term":[{"taxonomy":"category","embeddable":true,"href":"https:\/\/www.egemtv.com\/index.php?rest_route=%2Fwp%2Fv2%2Fcategories&post=35828"},{"taxonomy":"post_tag","embeddable":true,"href":"https:\/\/www.egemtv.com\/index.php?rest_route=%2Fwp%2Fv2%2Ftags&post=35828"}],"curies":[{"name":"wp","href":"https:\/\/api.w.org\/{rel}","templated":true}]}}