{"id":35825,"date":"2025-06-18T09:37:04","date_gmt":"2025-06-18T06:37:04","guid":{"rendered":"https:\/\/www.egemtv.com\/?p=35825"},"modified":"2025-06-18T09:37:10","modified_gmt":"2025-06-18T06:37:10","slug":"aydinda-ogrencilere-orman-yangini-egitimi-verildi","status":"publish","type":"post","link":"https:\/\/www.egemtv.com\/?p=35825","title":{"rendered":"Ayd\u0131n\u2019da \u00f6\u011frencilere orman yang\u0131n\u0131 e\u011fitimi verildi"},"content":{"rendered":"<p>Ayd\u0131n\u2019\u0131n Efeler il\u00e7esinde \u00f6\u011frencilere y\u00f6nelik orman yang\u0131n\u0131 e\u011fitimi ger\u00e7ekle\u015ftirilirken, \u00f6\u011frenciler hem teorik hem de uygulamal\u0131 e\u011fitimlerle orman yang\u0131nlar\u0131na kar\u015f\u0131 bilin\u00e7lendi.<\/p>\n<p>Ayd\u0131n\u2019da havalar\u0131n \u0131s\u0131nmas\u0131yla birlikte artan orman yang\u0131n\u0131 riskine kar\u015f\u0131 tedbirler s\u0131k\u0131la\u015ft\u0131r\u0131l\u0131rken, toplumsal bilin\u00e7lendirme \u00e7al\u0131\u015fmalar\u0131 da h\u0131z kesmeden s\u00fcr\u00fcyor. Bu \u00e7er\u00e7evede \u00f6\u011frencilere y\u00f6nelik, \u0130l Milli E\u011fitim M\u00fcd\u00fcrl\u00fc\u011f\u00fc ile Orman \u0130\u015fletme M\u00fcd\u00fcrl\u00fc\u011f\u00fc i\u015f birli\u011finde d\u00fczenlenen &#8220;Okullarda E\u015f Zamanl\u0131 Orman Yang\u0131nlar\u0131 Fark\u0131ndal\u0131k \u00c7al\u0131\u015fmalar\u0131&#8221; e\u011fitim etkinli\u011fi ger\u00e7ekle\u015ftirildi. Etkinli\u011fe kat\u0131lan \u0130l ve \u0130l\u00e7e Milli E\u011fitim M\u00fcd\u00fcrleri de, \u00f6\u011frencilere do\u011fa sevgisi ve ormanlar\u0131n korunmas\u0131 konusundaki hassasiyetin \u00f6nemine dikkat \u00e7ekti. Etkinlikte, orman yang\u0131nlar\u0131n\u0131n \u00e7\u0131k\u0131\u015f nedenleri, yang\u0131nlar\u0131n \u00f6nlenmesine y\u00f6nelik al\u0131nabilecek \u00f6nlemler ve bireysel sorumluluklar \u00f6\u011frencilere detayl\u0131 \u015fekilde anlat\u0131ld\u0131. Ayr\u0131ca teorik e\u011fitimin yan\u0131 s\u0131ra \u00f6\u011frenciler, uygulamal\u0131 olarak da yang\u0131na kar\u015f\u0131 ilk m\u00fcdahale y\u00f6ntemleri hakk\u0131nda bilgilendirildi.<\/p>\n<p>Konu ile ilgili Efeler \u0130l\u00e7e Milli E\u011fitim M\u00fcd\u00fcrl\u00fc\u011f\u00fc\u2019nden yap\u0131lan a\u00e7\u0131klamada &#8220;\u0130l Milli E\u011fitim M\u00fcd\u00fcrl\u00fc\u011f\u00fcm\u00fcz ile Orman \u0130\u015fletme M\u00fcd\u00fcrl\u00fc\u011f\u00fc i\u015f birli\u011finde d\u00fczenlenen \u2019Okullarda E\u015f Zamanl\u0131 Orman Yang\u0131nlar\u0131 Fark\u0131ndal\u0131k \u00c7al\u0131\u015fmalar\u0131\u2019 kapsam\u0131nda etkinlik ger\u00e7ekle\u015ftirildi. Etkinlikte, \u00f6\u011frencilere orman yang\u0131nlar\u0131n\u0131n nedenleri, al\u0131nabilecek \u00f6nlemler ve do\u011faya kar\u015f\u0131 sorumluluklar\u0131m\u0131z hakk\u0131nda bilgilendirme yap\u0131ld\u0131&#8221; ifadeleri yer ald\u0131.<br \/><\/p>\n","protected":false},"excerpt":{"rendered":"<p>Ayd\u0131n\u2019\u0131n Efeler il\u00e7esinde \u00f6\u011frencilere y\u00f6nelik orman yang\u0131n\u0131 e\u011fitimi ger\u00e7ekle\u015ftirilirken, \u00f6\u011frenciler hem teorik hem de uygulamal\u0131 e\u011fitimlerle orman yang\u0131nlar\u0131na kar\u015f\u0131 bilin\u00e7lendi. Ayd\u0131n\u2019da havalar\u0131n \u0131s\u0131nmas\u0131yla birlikte artan orman yang\u0131n\u0131 riskine kar\u015f\u0131 tedbirler s\u0131k\u0131la\u015ft\u0131r\u0131l\u0131rken, toplumsal bilin\u00e7lendirme \u00e7al\u0131\u015fmalar\u0131 da h\u0131z kesmeden s\u00fcr\u00fcyor. Bu \u00e7er\u00e7evede \u00f6\u011frencilere y\u00f6nelik, \u0130l Milli E\u011fitim M\u00fcd\u00fcrl\u00fc\u011f\u00fc ile Orman \u0130\u015fletme M\u00fcd\u00fcrl\u00fc\u011f\u00fc i\u015f birli\u011finde d\u00fczenlenen &#8220;Okullarda E\u015f&#8230;<\/p>\n","protected":false},"author":1,"featured_media":35826,"comment_status":"open","ping_status":"open","sticky":false,"template":"","format":"standard","meta":{"_crdt_document":"","footnotes":""},"categories":[1],"tags":[],"class_list":["post-35825","post","type-post","status-publish","format-standard","has-post-thumbnail","hentry","category-guncel"],"_links":{"self":[{"href":"https:\/\/www.egemtv.com\/index.php?rest_route=\/wp\/v2\/posts\/35825","targetHints":{"allow":["GET"]}}],"collection":[{"href":"https:\/\/www.egemtv.com\/index.php?rest_route=\/wp\/v2\/posts"}],"about":[{"href":"https:\/\/www.egemtv.com\/index.php?rest_route=\/wp\/v2\/types\/post"}],"author":[{"embeddable":true,"href":"https:\/\/www.egemtv.com\/index.php?rest_route=\/wp\/v2\/users\/1"}],"replies":[{"embeddable":true,"href":"https:\/\/www.egemtv.com\/index.php?rest_route=%2Fwp%2Fv2%2Fcomments&post=35825"}],"version-history":[{"count":1,"href":"https:\/\/www.egemtv.com\/index.php?rest_route=\/wp\/v2\/posts\/35825\/revisions"}],"predecessor-version":[{"id":35827,"href":"https:\/\/www.egemtv.com\/index.php?rest_route=\/wp\/v2\/posts\/35825\/revisions\/35827"}],"wp:featuredmedia":[{"embeddable":true,"href":"https:\/\/www.egemtv.com\/index.php?rest_route=\/wp\/v2\/media\/35826"}],"wp:attachment":[{"href":"https:\/\/www.egemtv.com\/index.php?rest_route=%2Fwp%2Fv2%2Fmedia&parent=35825"}],"wp:term":[{"taxonomy":"category","embeddable":true,"href":"https:\/\/www.egemtv.com\/index.php?rest_route=%2Fwp%2Fv2%2Fcategories&post=35825"},{"taxonomy":"post_tag","embeddable":true,"href":"https:\/\/www.egemtv.com\/index.php?rest_route=%2Fwp%2Fv2%2Ftags&post=35825"}],"curies":[{"name":"wp","href":"https:\/\/api.w.org\/{rel}","templated":true}]}}