{"id":35822,"date":"2025-06-18T09:37:02","date_gmt":"2025-06-18T06:37:02","guid":{"rendered":"https:\/\/www.egemtv.com\/?p=35822"},"modified":"2025-06-18T09:37:04","modified_gmt":"2025-06-18T06:37:04","slug":"didimde-8-duzensiz-gocmen-yakalandi","status":"publish","type":"post","link":"https:\/\/www.egemtv.com\/?p=35822","title":{"rendered":"Didim\u2019de 8 d\u00fczensiz g\u00f6\u00e7men yakaland\u0131"},"content":{"rendered":"<p>Ayd\u0131n\u2019\u0131n Didim il\u00e7esinde Sahil G\u00fcvenlik \u0130nsans\u0131z Hava Arac\u0131 taraf\u0131ndan tespit edilen 8 d\u00fczensiz g\u00f6\u00e7men yakaland\u0131.<br \/>\n<br \/>Edinilen bilgiye g\u00f6re, Sahil G\u00fcvenlik \u0130nsans\u0131z Hava Arac\u0131 taraf\u0131ndan kara \u00fczerinde bir grup d\u00fczensiz g\u00f6\u00e7men oldu\u011funun tespit edilmesi \u00fczerine g\u00f6revlendirilen Sahil G\u00fcvenlik Kolluk Destek Timi (Didim\/Koldestim) ve Didim \u0130l\u00e7e Emniyet M\u00fcd\u00fcrl\u00fc\u011f\u00fc personeli taraf\u0131ndan Didim il\u00e7esi K\u0131rkevler Plaj\u0131 mevkiinde tespit edilen 8 d\u00fczensiz g\u00f6\u00e7men yakaland\u0131. Yakalanan g\u00f6\u00e7menler i\u015flemlerinin ard\u0131ndan \u0130l G\u00f6\u00e7 \u0130daresi M\u00fcd\u00fcrl\u00fc\u011f\u00fc\u2019ne g\u00f6nderildi.<br \/><\/p>\n","protected":false},"excerpt":{"rendered":"<p>Ayd\u0131n\u2019\u0131n Didim il\u00e7esinde Sahil G\u00fcvenlik \u0130nsans\u0131z Hava Arac\u0131 taraf\u0131ndan tespit edilen 8 d\u00fczensiz g\u00f6\u00e7men yakaland\u0131. Edinilen bilgiye g\u00f6re, Sahil G\u00fcvenlik \u0130nsans\u0131z Hava Arac\u0131 taraf\u0131ndan kara \u00fczerinde bir grup d\u00fczensiz g\u00f6\u00e7men oldu\u011funun tespit edilmesi \u00fczerine g\u00f6revlendirilen Sahil G\u00fcvenlik Kolluk Destek Timi (Didim\/Koldestim) ve Didim \u0130l\u00e7e Emniyet M\u00fcd\u00fcrl\u00fc\u011f\u00fc personeli taraf\u0131ndan Didim il\u00e7esi K\u0131rkevler Plaj\u0131 mevkiinde tespit edilen&#8230;<\/p>\n","protected":false},"author":1,"featured_media":35823,"comment_status":"open","ping_status":"open","sticky":false,"template":"","format":"standard","meta":{"_crdt_document":"","footnotes":""},"categories":[5],"tags":[],"class_list":["post-35822","post","type-post","status-publish","format-standard","has-post-thumbnail","hentry","category-asayis"],"_links":{"self":[{"href":"https:\/\/www.egemtv.com\/index.php?rest_route=\/wp\/v2\/posts\/35822","targetHints":{"allow":["GET"]}}],"collection":[{"href":"https:\/\/www.egemtv.com\/index.php?rest_route=\/wp\/v2\/posts"}],"about":[{"href":"https:\/\/www.egemtv.com\/index.php?rest_route=\/wp\/v2\/types\/post"}],"author":[{"embeddable":true,"href":"https:\/\/www.egemtv.com\/index.php?rest_route=\/wp\/v2\/users\/1"}],"replies":[{"embeddable":true,"href":"https:\/\/www.egemtv.com\/index.php?rest_route=%2Fwp%2Fv2%2Fcomments&post=35822"}],"version-history":[{"count":1,"href":"https:\/\/www.egemtv.com\/index.php?rest_route=\/wp\/v2\/posts\/35822\/revisions"}],"predecessor-version":[{"id":35824,"href":"https:\/\/www.egemtv.com\/index.php?rest_route=\/wp\/v2\/posts\/35822\/revisions\/35824"}],"wp:featuredmedia":[{"embeddable":true,"href":"https:\/\/www.egemtv.com\/index.php?rest_route=\/wp\/v2\/media\/35823"}],"wp:attachment":[{"href":"https:\/\/www.egemtv.com\/index.php?rest_route=%2Fwp%2Fv2%2Fmedia&parent=35822"}],"wp:term":[{"taxonomy":"category","embeddable":true,"href":"https:\/\/www.egemtv.com\/index.php?rest_route=%2Fwp%2Fv2%2Fcategories&post=35822"},{"taxonomy":"post_tag","embeddable":true,"href":"https:\/\/www.egemtv.com\/index.php?rest_route=%2Fwp%2Fv2%2Ftags&post=35822"}],"curies":[{"name":"wp","href":"https:\/\/api.w.org\/{rel}","templated":true}]}}