{"id":35816,"date":"2025-06-18T09:15:49","date_gmt":"2025-06-18T06:15:49","guid":{"rendered":"https:\/\/www.egemtv.com\/?p=35816"},"modified":"2025-06-18T09:15:53","modified_gmt":"2025-06-18T06:15:53","slug":"89-suctan-aranan-sahis-yakalandi","status":"publish","type":"post","link":"https:\/\/www.egemtv.com\/?p=35816","title":{"rendered":"89 su\u00e7tan aranan \u015fah\u0131s yakaland\u0131"},"content":{"rendered":"<p>Manisa\u2019n\u0131n Turgutlu il\u00e7esinde jandarma ekipleri taraf\u0131ndan ger\u00e7ekle\u015ftirilen operasyonla hakk\u0131nda 89 ayr\u0131 su\u00e7 dosyas\u0131 bulunan F.E. (28\/E) yakaland\u0131.<br \/>\n<br \/>Turgutlu \u0130l\u00e7e Jandarma Komutanl\u0131\u011f\u0131na ba\u011fl\u0131 Jandarma Su\u00e7 Ara\u015ft\u0131rma Timi (JASAT) ile Urganl\u0131 Jandarma Karakolu ekiplerinin 17 Haziran 2025 g\u00fcn\u00fc m\u00fc\u015fterek olarak y\u00fcr\u00fctt\u00fc\u011f\u00fc aranan \u015fah\u0131slar\u0131n yakalanmas\u0131na y\u00f6nelik faaliyette, uzun s\u00fcredir aranan F.E. isimli \u015fah\u0131s k\u0131sk\u0131vrak yakaland\u0131.<br \/>\n<br \/>Yap\u0131lan incelemede \u015fahs\u0131n; &#8220;Bili\u015fim Sistemleri Banka veya Kredi Kurumlar\u0131n\u0131n Ara\u00e7 Olarak Kullan\u0131lmas\u0131 Suretiyle Doland\u0131r\u0131c\u0131l\u0131k&#8221; su\u00e7undan 65, &#8220;Banka veya Kredi Kurumlar\u0131n\u0131n Ara\u00e7 Olarak Kullan\u0131lmas\u0131 Suretiyle Doland\u0131r\u0131c\u0131l\u0131k&#8221; su\u00e7undan 9, &#8220;Doland\u0131r\u0131c\u0131l\u0131k&#8221; su\u00e7undan 7, &#8220;Muhafaza G\u00f6revini K\u00f6t\u00fcye Kullanma&#8221; su\u00e7undan 2, &#8220;H\u00fck\u00fcml\u00fc veya Tutuklunun Ka\u00e7mas\u0131&#8221; su\u00e7undan 2, ayr\u0131ca &#8220;Alkol veya Uyu\u015fturucu Maddenin Etkisi Alt\u0131ndayken Ara\u00e7 Kullanma&#8221;, &#8220;Taksirle Bir Ki\u015finin Yaralanmas\u0131na Neden Olma&#8221;, &#8220;Ki\u015fisel Verileri Hukuka Ayk\u0131r\u0131 Olarak Ele Ge\u00e7irmek&#8221; ve &#8220;Silahla Tehdit&#8221; olmak \u00fczere toplamda 89 ayr\u0131 dosyadan arand\u0131\u011f\u0131 belirlendi.<br \/>\n<br \/>F.E.\u2019nin ayr\u0131ca kesinle\u015fmi\u015f 68 y\u0131l 1 ay hapis cezas\u0131 bulundu\u011fu tespit edildi. Yakalanan \u015fah\u0131s, Turgutlu Adliyesindeki i\u015flemlerinin ard\u0131ndan tutuklanarak Manisa E Tipi Kapal\u0131 Cezaevine g\u00f6nderildi.<br \/><\/p>\n","protected":false},"excerpt":{"rendered":"<p>Manisa\u2019n\u0131n Turgutlu il\u00e7esinde jandarma ekipleri taraf\u0131ndan ger\u00e7ekle\u015ftirilen operasyonla hakk\u0131nda 89 ayr\u0131 su\u00e7 dosyas\u0131 bulunan F.E. (28\/E) yakaland\u0131. Turgutlu \u0130l\u00e7e Jandarma Komutanl\u0131\u011f\u0131na ba\u011fl\u0131 Jandarma Su\u00e7 Ara\u015ft\u0131rma Timi (JASAT) ile Urganl\u0131 Jandarma Karakolu ekiplerinin 17 Haziran 2025 g\u00fcn\u00fc m\u00fc\u015fterek olarak y\u00fcr\u00fctt\u00fc\u011f\u00fc aranan \u015fah\u0131slar\u0131n yakalanmas\u0131na y\u00f6nelik faaliyette, uzun s\u00fcredir aranan F.E. isimli \u015fah\u0131s k\u0131sk\u0131vrak yakaland\u0131. Yap\u0131lan incelemede \u015fahs\u0131n;&#8230;<\/p>\n","protected":false},"author":1,"featured_media":35817,"comment_status":"open","ping_status":"open","sticky":false,"template":"","format":"standard","meta":{"_crdt_document":"","footnotes":""},"categories":[5],"tags":[],"class_list":["post-35816","post","type-post","status-publish","format-standard","has-post-thumbnail","hentry","category-asayis"],"_links":{"self":[{"href":"https:\/\/www.egemtv.com\/index.php?rest_route=\/wp\/v2\/posts\/35816","targetHints":{"allow":["GET"]}}],"collection":[{"href":"https:\/\/www.egemtv.com\/index.php?rest_route=\/wp\/v2\/posts"}],"about":[{"href":"https:\/\/www.egemtv.com\/index.php?rest_route=\/wp\/v2\/types\/post"}],"author":[{"embeddable":true,"href":"https:\/\/www.egemtv.com\/index.php?rest_route=\/wp\/v2\/users\/1"}],"replies":[{"embeddable":true,"href":"https:\/\/www.egemtv.com\/index.php?rest_route=%2Fwp%2Fv2%2Fcomments&post=35816"}],"version-history":[{"count":1,"href":"https:\/\/www.egemtv.com\/index.php?rest_route=\/wp\/v2\/posts\/35816\/revisions"}],"predecessor-version":[{"id":35818,"href":"https:\/\/www.egemtv.com\/index.php?rest_route=\/wp\/v2\/posts\/35816\/revisions\/35818"}],"wp:featuredmedia":[{"embeddable":true,"href":"https:\/\/www.egemtv.com\/index.php?rest_route=\/wp\/v2\/media\/35817"}],"wp:attachment":[{"href":"https:\/\/www.egemtv.com\/index.php?rest_route=%2Fwp%2Fv2%2Fmedia&parent=35816"}],"wp:term":[{"taxonomy":"category","embeddable":true,"href":"https:\/\/www.egemtv.com\/index.php?rest_route=%2Fwp%2Fv2%2Fcategories&post=35816"},{"taxonomy":"post_tag","embeddable":true,"href":"https:\/\/www.egemtv.com\/index.php?rest_route=%2Fwp%2Fv2%2Ftags&post=35816"}],"curies":[{"name":"wp","href":"https:\/\/api.w.org\/{rel}","templated":true}]}}