{"id":35813,"date":"2025-06-18T01:34:48","date_gmt":"2025-06-17T22:34:48","guid":{"rendered":"https:\/\/www.egemtv.com\/?p=35813"},"modified":"2025-06-18T01:34:50","modified_gmt":"2025-06-17T22:34:50","slug":"aliaga-fkdan-flas-transfer-ahmet-ilhan-ozek-resmen-imzayi-atti","status":"publish","type":"post","link":"https:\/\/www.egemtv.com\/?p=35813","title":{"rendered":"Alia\u011fa FK\u2019dan fla\u015f transfer: Ahmet \u0130lhan \u00d6zek resmen imzay\u0131 att\u0131"},"content":{"rendered":"<p>TFF 2. Lig\u2019de m\u00fccadele edecek olan Alia\u011fa Futbol Kul\u00fcb\u00fc, transferde ses getirecek bir hamleye daha imza att\u0131. \u0130zmir temsilcisi, S\u00fcper Lig ve A Milli Tak\u0131m tecr\u00fcbesi bulunan kanat oyuncusu Ahmet \u0130lhan \u00d6zek ile 2 y\u0131ll\u0131k s\u00f6zle\u015fme imzalad\u0131.<br \/>\n<br \/>2024-2025 sezonunda \u015fampiyon olarak TFF 2. Lig\u2019e y\u00fckselen Alia\u011fa FK, yeni sezon \u00f6ncesi transfer \u00e7al\u0131\u015fmalar\u0131n\u0131 s\u00fcrd\u00fcr\u00fcyor. Sar\u0131-siyahl\u0131lar deneyimli futbolcu Ahmet \u0130lhan \u00d6zek\u2019i kadrosuna katt\u0131. Ge\u00e7ti\u011fimiz sezon Bursaspor formas\u0131yla \u015fampiyonluk ya\u015fayan 36 ya\u015f\u0131ndaki futbolcu, kariyerinde Manisaspor, Karab\u00fckspor, \u00c7aykur Rizespor, Giresunspor, Alt\u0131nordu ve \u00c7orum FK gibi \u00f6nemli kul\u00fcplerde forma giydi. Tecr\u00fcbesi ve skorer kimli\u011fiyle bilinen \u00d6zek, bug\u00fcne kadar S\u00fcper Lig\u2019de 177, TFF 1. Lig\u2019de ise 172 ma\u00e7ta g\u00f6rev al\u0131rken, toplam 95 kez fileleri havaland\u0131rd\u0131.<br \/>\n<br \/>Ay-y\u0131ld\u0131zl\u0131 formay\u0131 da terleten Ahmet \u0130lhan\u2019\u0131n kariyerine art\u0131k Alia\u011fa FK formas\u0131yla devam edece\u011fi duyuruldu.<br \/>\n<br \/>\u0130zmir temsilcisi, daha \u00f6nce \u0130brahim Y\u0131lmaz, Mertcan A\u00e7\u0131kg\u00f6z ve G\u00f6ktu\u011f Y\u0131lmaz\u2019\u0131 da kadrosuna katt\u0131.<\/p>\n","protected":false},"excerpt":{"rendered":"<p>TFF 2. Lig\u2019de m\u00fccadele edecek olan Alia\u011fa Futbol Kul\u00fcb\u00fc, transferde ses getirecek bir hamleye daha imza att\u0131. \u0130zmir temsilcisi, S\u00fcper Lig ve A Milli Tak\u0131m tecr\u00fcbesi bulunan kanat oyuncusu Ahmet \u0130lhan \u00d6zek ile 2 y\u0131ll\u0131k s\u00f6zle\u015fme imzalad\u0131. 2024-2025 sezonunda \u015fampiyon olarak TFF 2. Lig\u2019e y\u00fckselen Alia\u011fa FK, yeni sezon \u00f6ncesi transfer \u00e7al\u0131\u015fmalar\u0131n\u0131 s\u00fcrd\u00fcr\u00fcyor. Sar\u0131-siyahl\u0131lar deneyimli&#8230;<\/p>\n","protected":false},"author":1,"featured_media":35814,"comment_status":"open","ping_status":"open","sticky":false,"template":"","format":"standard","meta":{"_crdt_document":"","footnotes":""},"categories":[4],"tags":[],"class_list":["post-35813","post","type-post","status-publish","format-standard","has-post-thumbnail","hentry","category-spor"],"_links":{"self":[{"href":"https:\/\/www.egemtv.com\/index.php?rest_route=\/wp\/v2\/posts\/35813","targetHints":{"allow":["GET"]}}],"collection":[{"href":"https:\/\/www.egemtv.com\/index.php?rest_route=\/wp\/v2\/posts"}],"about":[{"href":"https:\/\/www.egemtv.com\/index.php?rest_route=\/wp\/v2\/types\/post"}],"author":[{"embeddable":true,"href":"https:\/\/www.egemtv.com\/index.php?rest_route=\/wp\/v2\/users\/1"}],"replies":[{"embeddable":true,"href":"https:\/\/www.egemtv.com\/index.php?rest_route=%2Fwp%2Fv2%2Fcomments&post=35813"}],"version-history":[{"count":1,"href":"https:\/\/www.egemtv.com\/index.php?rest_route=\/wp\/v2\/posts\/35813\/revisions"}],"predecessor-version":[{"id":35815,"href":"https:\/\/www.egemtv.com\/index.php?rest_route=\/wp\/v2\/posts\/35813\/revisions\/35815"}],"wp:featuredmedia":[{"embeddable":true,"href":"https:\/\/www.egemtv.com\/index.php?rest_route=\/wp\/v2\/media\/35814"}],"wp:attachment":[{"href":"https:\/\/www.egemtv.com\/index.php?rest_route=%2Fwp%2Fv2%2Fmedia&parent=35813"}],"wp:term":[{"taxonomy":"category","embeddable":true,"href":"https:\/\/www.egemtv.com\/index.php?rest_route=%2Fwp%2Fv2%2Fcategories&post=35813"},{"taxonomy":"post_tag","embeddable":true,"href":"https:\/\/www.egemtv.com\/index.php?rest_route=%2Fwp%2Fv2%2Ftags&post=35813"}],"curies":[{"name":"wp","href":"https:\/\/api.w.org\/{rel}","templated":true}]}}