{"id":35810,"date":"2025-06-18T00:54:36","date_gmt":"2025-06-17T21:54:36","guid":{"rendered":"https:\/\/www.egemtv.com\/?p=35810"},"modified":"2025-06-18T00:54:40","modified_gmt":"2025-06-17T21:54:40","slug":"izbanda-sigara-icme-kavgasinda-guvenlik-gorevlisi-hayatini-kaybetti","status":"publish","type":"post","link":"https:\/\/www.egemtv.com\/?p=35810","title":{"rendered":"\u0130ZBAN\u2019da sigara i\u00e7me kavgas\u0131nda g\u00fcvenlik g\u00f6revlisi hayat\u0131n\u0131 kaybetti"},"content":{"rendered":"<p>\u0130zmir\u2019in Menderes il\u00e7esinde \u015fehir i\u00e7i banliy\u00f6 treni \u0130ZBAN\u2019da sigara i\u00e7en bir ki\u015fi ile g\u00fcvenlik g\u00f6revlisi aras\u0131nda arbede \u00e7\u0131kt\u0131. \u00c7\u0131kan arbedede kafas\u0131ndan yaralanarak hastaneye kald\u0131r\u0131lan 44 ya\u015f\u0131ndaki g\u00fcvenlik g\u00f6revlisi hayat\u0131n\u0131 kaybetti.<\/p>\n<p>Olay d\u00fcn saat 18.00 s\u0131ralar\u0131nda Cumaovas\u0131 \u0130ZBAN \u0130stasyonu\u2019nda meydana geldi. Edinilen bilgiye g\u00f6re, tren i\u00e7inde sigara i\u00e7en ve trenin kap\u0131lar\u0131n\u0131 tutarak hareketini engelleyen M.D. adl\u0131 bir yolcuya g\u00fcvenlik g\u00f6revlileri Adnan Menderes Havaliman\u0131 istasyonunda m\u00fcdahale etti. Yolcu, Cumaovas\u0131 \u0130stasyonu\u2019nda trenden indirildi ancak t\u00fcm uyar\u0131lara ra\u011fmen agresif tav\u0131rlar\u0131n\u0131 s\u00fcrd\u00fcrd\u00fc. Bunun \u00fczerine yolcu ile g\u00fcvenlik g\u00f6revlileri aras\u0131nda arbede ya\u015fand\u0131. Ya\u015fanan arbedede \u0130ZBAN\u2019da g\u00f6rev yapan g\u00fcvenlik g\u00f6revlisi Seydihan Alsa\u00e7 (44), g\u00f6\u011fs\u00fcne ve kafas\u0131na ald\u0131\u011f\u0131 darbe nedeniyle yere y\u0131\u011f\u0131ld\u0131. Alsa\u00e7, olay yerine \u00e7a\u011fr\u0131lan sa\u011fl\u0131k ekiplerince hastaneye kald\u0131r\u0131ld\u0131.<\/p>\n<p>Hastanede hayat\u0131n\u0131 kaybetti<br \/>\n<br \/>Hastanede tedavi alt\u0131na al\u0131nan ve anjiyo yap\u0131lan Alsa\u00e7\u2019\u0131n, g\u00f6\u011fs\u00fcne ald\u0131\u011f\u0131 darbe sonucu damar y\u0131rt\u0131lmas\u0131 meydana geldi\u011fi bildirildi. T\u00fcm m\u00fcdahalelere ra\u011fmen kurtar\u0131lamayan Alsa\u00e7, hayat\u0131n\u0131 kaybetti.<\/p>\n<p>Olay\u0131n ard\u0131ndan M.D. g\u00f6zalt\u0131na al\u0131narak emniyete g\u00f6t\u00fcr\u00fcld\u00fc. G\u00fcvenlik g\u00f6revlisi Seydihan Alsa\u00e7\u2019\u0131n cenazesi ise \u0130zmir Adli T\u0131p Kurumu morguna kald\u0131r\u0131ld\u0131.<\/p>\n<p>Olayla ilgili ba\u015flat\u0131lan soru\u015fturma s\u00fcr\u00fcyor.<br \/><\/p>\n","protected":false},"excerpt":{"rendered":"<p>\u0130zmir\u2019in Menderes il\u00e7esinde \u015fehir i\u00e7i banliy\u00f6 treni \u0130ZBAN\u2019da sigara i\u00e7en bir ki\u015fi ile g\u00fcvenlik g\u00f6revlisi aras\u0131nda arbede \u00e7\u0131kt\u0131. \u00c7\u0131kan arbedede kafas\u0131ndan yaralanarak hastaneye kald\u0131r\u0131lan 44 ya\u015f\u0131ndaki g\u00fcvenlik g\u00f6revlisi hayat\u0131n\u0131 kaybetti. Olay d\u00fcn saat 18.00 s\u0131ralar\u0131nda Cumaovas\u0131 \u0130ZBAN \u0130stasyonu\u2019nda meydana geldi. Edinilen bilgiye g\u00f6re, tren i\u00e7inde sigara i\u00e7en ve trenin kap\u0131lar\u0131n\u0131 tutarak hareketini engelleyen M.D. adl\u0131&#8230;<\/p>\n","protected":false},"author":1,"featured_media":35811,"comment_status":"open","ping_status":"open","sticky":false,"template":"","format":"standard","meta":{"_crdt_document":"","footnotes":""},"categories":[5],"tags":[],"class_list":["post-35810","post","type-post","status-publish","format-standard","has-post-thumbnail","hentry","category-asayis"],"_links":{"self":[{"href":"https:\/\/www.egemtv.com\/index.php?rest_route=\/wp\/v2\/posts\/35810","targetHints":{"allow":["GET"]}}],"collection":[{"href":"https:\/\/www.egemtv.com\/index.php?rest_route=\/wp\/v2\/posts"}],"about":[{"href":"https:\/\/www.egemtv.com\/index.php?rest_route=\/wp\/v2\/types\/post"}],"author":[{"embeddable":true,"href":"https:\/\/www.egemtv.com\/index.php?rest_route=\/wp\/v2\/users\/1"}],"replies":[{"embeddable":true,"href":"https:\/\/www.egemtv.com\/index.php?rest_route=%2Fwp%2Fv2%2Fcomments&post=35810"}],"version-history":[{"count":1,"href":"https:\/\/www.egemtv.com\/index.php?rest_route=\/wp\/v2\/posts\/35810\/revisions"}],"predecessor-version":[{"id":35812,"href":"https:\/\/www.egemtv.com\/index.php?rest_route=\/wp\/v2\/posts\/35810\/revisions\/35812"}],"wp:featuredmedia":[{"embeddable":true,"href":"https:\/\/www.egemtv.com\/index.php?rest_route=\/wp\/v2\/media\/35811"}],"wp:attachment":[{"href":"https:\/\/www.egemtv.com\/index.php?rest_route=%2Fwp%2Fv2%2Fmedia&parent=35810"}],"wp:term":[{"taxonomy":"category","embeddable":true,"href":"https:\/\/www.egemtv.com\/index.php?rest_route=%2Fwp%2Fv2%2Fcategories&post=35810"},{"taxonomy":"post_tag","embeddable":true,"href":"https:\/\/www.egemtv.com\/index.php?rest_route=%2Fwp%2Fv2%2Ftags&post=35810"}],"curies":[{"name":"wp","href":"https:\/\/api.w.org\/{rel}","templated":true}]}}