{"id":35807,"date":"2025-06-17T21:15:27","date_gmt":"2025-06-17T18:15:27","guid":{"rendered":"https:\/\/www.egemtv.com\/?p=35807"},"modified":"2025-06-17T21:15:32","modified_gmt":"2025-06-17T18:15:32","slug":"izmirde-orman-yangini-kontrol-altinda","status":"publish","type":"post","link":"https:\/\/www.egemtv.com\/?p=35807","title":{"rendered":"\u0130zmir\u2019de orman yang\u0131n\u0131 kontrol alt\u0131nda"},"content":{"rendered":"<p>\u0130zmir\u2019in Dikili il\u00e7esinde \u00e7\u0131kan orman yang\u0131n\u0131, havadan ve karadan m\u00fcdahale sonucu kontrol alt\u0131na al\u0131nd\u0131.<br \/>\n<br \/>Yang\u0131n, saat 17.45\u2019te \u00c7andarl\u0131 Mahallesi\u2019nde orman d\u0131\u015f\u0131 alanda ba\u015flad\u0131. Hen\u00fcz bilinmeyen sebeple \u00e7\u0131kan yang\u0131na \u0130zmir Orman B\u00f6lge M\u00fcd\u00fcrl\u00fc\u011f\u00fc 6 u\u00e7ak, 3 helikopter ile havadan 13 araz\u00f6z, 2 su ikmal ve 2 dozerle karadan m\u00fcdahale ba\u015flad\u0131.<br \/>\n<br \/>Alevler, havadan ve karadan etkin m\u00fcdahale sonucu kontrol alt\u0131na al\u0131nd\u0131.<br \/><\/p>\n","protected":false},"excerpt":{"rendered":"<p>\u0130zmir\u2019in Dikili il\u00e7esinde \u00e7\u0131kan orman yang\u0131n\u0131, havadan ve karadan m\u00fcdahale sonucu kontrol alt\u0131na al\u0131nd\u0131. Yang\u0131n, saat 17.45\u2019te \u00c7andarl\u0131 Mahallesi\u2019nde orman d\u0131\u015f\u0131 alanda ba\u015flad\u0131. Hen\u00fcz bilinmeyen sebeple \u00e7\u0131kan yang\u0131na \u0130zmir Orman B\u00f6lge M\u00fcd\u00fcrl\u00fc\u011f\u00fc 6 u\u00e7ak, 3 helikopter ile havadan 13 araz\u00f6z, 2 su ikmal ve 2 dozerle karadan m\u00fcdahale ba\u015flad\u0131. Alevler, havadan ve karadan etkin m\u00fcdahale&#8230;<\/p>\n","protected":false},"author":1,"featured_media":35808,"comment_status":"open","ping_status":"open","sticky":false,"template":"","format":"standard","meta":{"_crdt_document":"","footnotes":""},"categories":[5],"tags":[],"class_list":["post-35807","post","type-post","status-publish","format-standard","has-post-thumbnail","hentry","category-asayis"],"_links":{"self":[{"href":"https:\/\/www.egemtv.com\/index.php?rest_route=\/wp\/v2\/posts\/35807","targetHints":{"allow":["GET"]}}],"collection":[{"href":"https:\/\/www.egemtv.com\/index.php?rest_route=\/wp\/v2\/posts"}],"about":[{"href":"https:\/\/www.egemtv.com\/index.php?rest_route=\/wp\/v2\/types\/post"}],"author":[{"embeddable":true,"href":"https:\/\/www.egemtv.com\/index.php?rest_route=\/wp\/v2\/users\/1"}],"replies":[{"embeddable":true,"href":"https:\/\/www.egemtv.com\/index.php?rest_route=%2Fwp%2Fv2%2Fcomments&post=35807"}],"version-history":[{"count":1,"href":"https:\/\/www.egemtv.com\/index.php?rest_route=\/wp\/v2\/posts\/35807\/revisions"}],"predecessor-version":[{"id":35809,"href":"https:\/\/www.egemtv.com\/index.php?rest_route=\/wp\/v2\/posts\/35807\/revisions\/35809"}],"wp:featuredmedia":[{"embeddable":true,"href":"https:\/\/www.egemtv.com\/index.php?rest_route=\/wp\/v2\/media\/35808"}],"wp:attachment":[{"href":"https:\/\/www.egemtv.com\/index.php?rest_route=%2Fwp%2Fv2%2Fmedia&parent=35807"}],"wp:term":[{"taxonomy":"category","embeddable":true,"href":"https:\/\/www.egemtv.com\/index.php?rest_route=%2Fwp%2Fv2%2Fcategories&post=35807"},{"taxonomy":"post_tag","embeddable":true,"href":"https:\/\/www.egemtv.com\/index.php?rest_route=%2Fwp%2Fv2%2Ftags&post=35807"}],"curies":[{"name":"wp","href":"https:\/\/api.w.org\/{rel}","templated":true}]}}