{"id":35804,"date":"2025-06-17T20:54:41","date_gmt":"2025-06-17T17:54:41","guid":{"rendered":"https:\/\/www.egemtv.com\/?p=35804"},"modified":"2025-06-17T20:54:46","modified_gmt":"2025-06-17T17:54:46","slug":"kutahyada-yumakli-kozluca-yolu-icin-il-genel-meclisi-uyelerinden-inceleme","status":"publish","type":"post","link":"https:\/\/www.egemtv.com\/?p=35804","title":{"rendered":"K\u00fctahya\u2019da Yumakl\u0131-Kozluca yolu i\u00e7in \u0130l Genel Meclisi \u00fcyelerinden inceleme"},"content":{"rendered":"<p>AK Parti K\u00fctahya Merkez \u0130l Genel Meclisi \u00dcyesi Muhterem K\u0131l\u0131\u00e7, K\u00fctahya merkeze ba\u011fl\u0131 Yumakl\u0131 k\u00f6y\u00fc ile Kozluca k\u00f6y\u00fc aras\u0131ndaki 8 kilometrelik yolun zemininin bozuldu\u011funu ve a\u011f\u0131r tonajl\u0131 tomruk ta\u015f\u0131yan kamyonlar\u0131n bu yolu kulland\u0131\u011f\u0131n\u0131 belirtti.<br \/>\n<br \/>Yolun mevcut durumu nedeniyle b\u00f6lgedeki ula\u015f\u0131m\u0131n zorla\u015ft\u0131\u011f\u0131n\u0131 ifade eden K\u0131l\u0131\u00e7, konuya ili\u015fkin \u0130l Genel Meclisi \u00fcyeleriyle birlikte yerinde incelemelerde bulunduklar\u0131n\u0131 a\u00e7\u0131klad\u0131. Yap\u0131lan \u00e7al\u0131\u015fmalar neticesinde yolun iyile\u015ftirilmesi i\u00e7in gerekli ad\u0131mlar\u0131n at\u0131laca\u011f\u0131 bildirildi.<br \/>\n<br \/>\u0130ncelemelere AK Parti \u0130l Genel Meclisi \u00dcyeleri Muhterem K\u0131l\u0131\u00e7, Cafer Bayrak, Davut Karakurt ve Kamil Bak\u0131rs\u00f6zer ile Yumakl\u0131 K\u00f6y\u00fc Muhtar\u0131 Kaz\u0131m Bener de kat\u0131ld\u0131.<br \/><\/p>\n","protected":false},"excerpt":{"rendered":"<p>AK Parti K\u00fctahya Merkez \u0130l Genel Meclisi \u00dcyesi Muhterem K\u0131l\u0131\u00e7, K\u00fctahya merkeze ba\u011fl\u0131 Yumakl\u0131 k\u00f6y\u00fc ile Kozluca k\u00f6y\u00fc aras\u0131ndaki 8 kilometrelik yolun zemininin bozuldu\u011funu ve a\u011f\u0131r tonajl\u0131 tomruk ta\u015f\u0131yan kamyonlar\u0131n bu yolu kulland\u0131\u011f\u0131n\u0131 belirtti. Yolun mevcut durumu nedeniyle b\u00f6lgedeki ula\u015f\u0131m\u0131n zorla\u015ft\u0131\u011f\u0131n\u0131 ifade eden K\u0131l\u0131\u00e7, konuya ili\u015fkin \u0130l Genel Meclisi \u00fcyeleriyle birlikte yerinde incelemelerde bulunduklar\u0131n\u0131 a\u00e7\u0131klad\u0131&#8230;.<\/p>\n","protected":false},"author":1,"featured_media":35805,"comment_status":"open","ping_status":"open","sticky":false,"template":"","format":"standard","meta":{"_crdt_document":"","footnotes":""},"categories":[1],"tags":[],"class_list":["post-35804","post","type-post","status-publish","format-standard","has-post-thumbnail","hentry","category-guncel"],"_links":{"self":[{"href":"https:\/\/www.egemtv.com\/index.php?rest_route=\/wp\/v2\/posts\/35804","targetHints":{"allow":["GET"]}}],"collection":[{"href":"https:\/\/www.egemtv.com\/index.php?rest_route=\/wp\/v2\/posts"}],"about":[{"href":"https:\/\/www.egemtv.com\/index.php?rest_route=\/wp\/v2\/types\/post"}],"author":[{"embeddable":true,"href":"https:\/\/www.egemtv.com\/index.php?rest_route=\/wp\/v2\/users\/1"}],"replies":[{"embeddable":true,"href":"https:\/\/www.egemtv.com\/index.php?rest_route=%2Fwp%2Fv2%2Fcomments&post=35804"}],"version-history":[{"count":1,"href":"https:\/\/www.egemtv.com\/index.php?rest_route=\/wp\/v2\/posts\/35804\/revisions"}],"predecessor-version":[{"id":35806,"href":"https:\/\/www.egemtv.com\/index.php?rest_route=\/wp\/v2\/posts\/35804\/revisions\/35806"}],"wp:featuredmedia":[{"embeddable":true,"href":"https:\/\/www.egemtv.com\/index.php?rest_route=\/wp\/v2\/media\/35805"}],"wp:attachment":[{"href":"https:\/\/www.egemtv.com\/index.php?rest_route=%2Fwp%2Fv2%2Fmedia&parent=35804"}],"wp:term":[{"taxonomy":"category","embeddable":true,"href":"https:\/\/www.egemtv.com\/index.php?rest_route=%2Fwp%2Fv2%2Fcategories&post=35804"},{"taxonomy":"post_tag","embeddable":true,"href":"https:\/\/www.egemtv.com\/index.php?rest_route=%2Fwp%2Fv2%2Ftags&post=35804"}],"curies":[{"name":"wp","href":"https:\/\/api.w.org\/{rel}","templated":true}]}}