{"id":35801,"date":"2025-06-17T19:15:45","date_gmt":"2025-06-17T16:15:45","guid":{"rendered":"https:\/\/www.egemtv.com\/?p=35801"},"modified":"2025-06-17T19:15:50","modified_gmt":"2025-06-17T16:15:50","slug":"izmirde-orman-yanginina-havadan-ve-karadan-mudahale","status":"publish","type":"post","link":"https:\/\/www.egemtv.com\/?p=35801","title":{"rendered":"\u0130zmir\u2019de orman yang\u0131n\u0131na havadan ve karadan m\u00fcdahale"},"content":{"rendered":"<p>\u0130zmir\u2019in Dikili il\u00e7esinde \u00e7\u0131kan orman yang\u0131n\u0131na havadan ve karadan m\u00fcdahale ba\u015flad\u0131. Alevleri kontrol alt\u0131na alma \u00e7al\u0131\u015fmalar\u0131 s\u00fcr\u00fcyor.<br \/>\n<br \/>Yang\u0131n, saat 17.45\u2019te \u00c7andarl\u0131 Mahallesi\u2019nde orman d\u0131\u015f\u0131 alanda ba\u015flad\u0131. Hen\u00fcz bilinmeyen sebeple \u00e7\u0131kan yang\u0131na \u0130zmir Orman B\u00f6lge M\u00fcd\u00fcrl\u00fc\u011f\u00fc 6 u\u00e7ak, 3 helikopter ile havadan 13 araz\u00f6z, 2 su ikmal ve 2 dozerle karadan m\u00fcdahale ba\u015flad\u0131.<br \/>\n<br \/>Alevleri kontrol alt\u0131na alma \u00e7al\u0131\u015fmalar\u0131 s\u00fcr\u00fcyor.<br \/><\/p>\n","protected":false},"excerpt":{"rendered":"<p>\u0130zmir\u2019in Dikili il\u00e7esinde \u00e7\u0131kan orman yang\u0131n\u0131na havadan ve karadan m\u00fcdahale ba\u015flad\u0131. Alevleri kontrol alt\u0131na alma \u00e7al\u0131\u015fmalar\u0131 s\u00fcr\u00fcyor. Yang\u0131n, saat 17.45\u2019te \u00c7andarl\u0131 Mahallesi\u2019nde orman d\u0131\u015f\u0131 alanda ba\u015flad\u0131. Hen\u00fcz bilinmeyen sebeple \u00e7\u0131kan yang\u0131na \u0130zmir Orman B\u00f6lge M\u00fcd\u00fcrl\u00fc\u011f\u00fc 6 u\u00e7ak, 3 helikopter ile havadan 13 araz\u00f6z, 2 su ikmal ve 2 dozerle karadan m\u00fcdahale ba\u015flad\u0131. Alevleri kontrol alt\u0131na&#8230;<\/p>\n","protected":false},"author":1,"featured_media":35802,"comment_status":"open","ping_status":"open","sticky":false,"template":"","format":"standard","meta":{"_crdt_document":"","footnotes":""},"categories":[5],"tags":[],"class_list":["post-35801","post","type-post","status-publish","format-standard","has-post-thumbnail","hentry","category-asayis"],"_links":{"self":[{"href":"https:\/\/www.egemtv.com\/index.php?rest_route=\/wp\/v2\/posts\/35801","targetHints":{"allow":["GET"]}}],"collection":[{"href":"https:\/\/www.egemtv.com\/index.php?rest_route=\/wp\/v2\/posts"}],"about":[{"href":"https:\/\/www.egemtv.com\/index.php?rest_route=\/wp\/v2\/types\/post"}],"author":[{"embeddable":true,"href":"https:\/\/www.egemtv.com\/index.php?rest_route=\/wp\/v2\/users\/1"}],"replies":[{"embeddable":true,"href":"https:\/\/www.egemtv.com\/index.php?rest_route=%2Fwp%2Fv2%2Fcomments&post=35801"}],"version-history":[{"count":1,"href":"https:\/\/www.egemtv.com\/index.php?rest_route=\/wp\/v2\/posts\/35801\/revisions"}],"predecessor-version":[{"id":35803,"href":"https:\/\/www.egemtv.com\/index.php?rest_route=\/wp\/v2\/posts\/35801\/revisions\/35803"}],"wp:featuredmedia":[{"embeddable":true,"href":"https:\/\/www.egemtv.com\/index.php?rest_route=\/wp\/v2\/media\/35802"}],"wp:attachment":[{"href":"https:\/\/www.egemtv.com\/index.php?rest_route=%2Fwp%2Fv2%2Fmedia&parent=35801"}],"wp:term":[{"taxonomy":"category","embeddable":true,"href":"https:\/\/www.egemtv.com\/index.php?rest_route=%2Fwp%2Fv2%2Fcategories&post=35801"},{"taxonomy":"post_tag","embeddable":true,"href":"https:\/\/www.egemtv.com\/index.php?rest_route=%2Fwp%2Fv2%2Ftags&post=35801"}],"curies":[{"name":"wp","href":"https:\/\/api.w.org\/{rel}","templated":true}]}}