{"id":35798,"date":"2025-06-17T18:56:23","date_gmt":"2025-06-17T15:56:23","guid":{"rendered":"https:\/\/www.egemtv.com\/?p=35798"},"modified":"2025-06-17T18:56:27","modified_gmt":"2025-06-17T15:56:27","slug":"fethiyede-otomobilde-sikisan-yavru-kedi-kurtarildi","status":"publish","type":"post","link":"https:\/\/www.egemtv.com\/?p=35798","title":{"rendered":"Fethiye\u2019de otomobilde s\u0131k\u0131\u015fan yavru kedi kurtar\u0131ld\u0131"},"content":{"rendered":"<p>Mu\u011fla\u2019n\u0131n Fethiye il\u00e7esinde bir otomobilin motor k\u0131sm\u0131na s\u0131k\u0131\u015fan yavru kedi itfaiye ekipleri taraf\u0131ndan kurtar\u0131ld\u0131.<\/p>\n<p>Fethiye\u2019nin Karagedik Mahallesi\u2019nden Fethiye Sal\u0131 Pazar\u0131\u2019na arac\u0131yla gelen M\u00fcr\u00fcvvet Kazaro\u011flu, arac\u0131n\u0131 park etti\u011fi anda kedi sesi duydu. Sesin arac\u0131n motor k\u0131sm\u0131ndan geldi\u011fini fark eden Kazaro\u011flu, bir yavru kedinin oraya s\u0131k\u0131\u015ft\u0131\u011f\u0131n\u0131 anlad\u0131 ve hemen itfaiyeden yard\u0131m istedi. Olay yerine gelen itfaiye ekipleri, titiz bir \u00e7al\u0131\u015fman\u0131n ard\u0131ndan yavru kediyi bulundu\u011fu yerden sa\u011f salim \u00e7\u0131kard\u0131. Kurtar\u0131lan kedi, sahibine teslim edildi.<\/p>\n<p>M\u00fcr\u00fcvvet Kazaro\u011flu, normalde kedileri besledi\u011fini ama yavrular\u0131n yakla\u015fmad\u0131\u011f\u0131n\u0131 belirterek, \u2018\u2019Yavru kedilerden biri arac\u0131n i\u00e7ine girmi\u015f, biz de fark etmedik. Arabadan inince kedinin sesini duyduk, o zaman fark ettik. Hemen itfaiye \u00e7a\u011f\u0131rd\u0131k. Sa\u011f olsunlar, hemen kediyi m\u00fcdahale edip kurtard\u0131lar.\u2019\u2019 diye konu\u015ftu.<br \/><\/p>\n","protected":false},"excerpt":{"rendered":"<p>Mu\u011fla\u2019n\u0131n Fethiye il\u00e7esinde bir otomobilin motor k\u0131sm\u0131na s\u0131k\u0131\u015fan yavru kedi itfaiye ekipleri taraf\u0131ndan kurtar\u0131ld\u0131. Fethiye\u2019nin Karagedik Mahallesi\u2019nden Fethiye Sal\u0131 Pazar\u0131\u2019na arac\u0131yla gelen M\u00fcr\u00fcvvet Kazaro\u011flu, arac\u0131n\u0131 park etti\u011fi anda kedi sesi duydu. Sesin arac\u0131n motor k\u0131sm\u0131ndan geldi\u011fini fark eden Kazaro\u011flu, bir yavru kedinin oraya s\u0131k\u0131\u015ft\u0131\u011f\u0131n\u0131 anlad\u0131 ve hemen itfaiyeden yard\u0131m istedi. Olay yerine gelen itfaiye ekipleri,&#8230;<\/p>\n","protected":false},"author":1,"featured_media":35799,"comment_status":"open","ping_status":"open","sticky":false,"template":"","format":"standard","meta":{"_crdt_document":"","footnotes":""},"categories":[5],"tags":[],"class_list":["post-35798","post","type-post","status-publish","format-standard","has-post-thumbnail","hentry","category-asayis"],"_links":{"self":[{"href":"https:\/\/www.egemtv.com\/index.php?rest_route=\/wp\/v2\/posts\/35798","targetHints":{"allow":["GET"]}}],"collection":[{"href":"https:\/\/www.egemtv.com\/index.php?rest_route=\/wp\/v2\/posts"}],"about":[{"href":"https:\/\/www.egemtv.com\/index.php?rest_route=\/wp\/v2\/types\/post"}],"author":[{"embeddable":true,"href":"https:\/\/www.egemtv.com\/index.php?rest_route=\/wp\/v2\/users\/1"}],"replies":[{"embeddable":true,"href":"https:\/\/www.egemtv.com\/index.php?rest_route=%2Fwp%2Fv2%2Fcomments&post=35798"}],"version-history":[{"count":1,"href":"https:\/\/www.egemtv.com\/index.php?rest_route=\/wp\/v2\/posts\/35798\/revisions"}],"predecessor-version":[{"id":35800,"href":"https:\/\/www.egemtv.com\/index.php?rest_route=\/wp\/v2\/posts\/35798\/revisions\/35800"}],"wp:featuredmedia":[{"embeddable":true,"href":"https:\/\/www.egemtv.com\/index.php?rest_route=\/wp\/v2\/media\/35799"}],"wp:attachment":[{"href":"https:\/\/www.egemtv.com\/index.php?rest_route=%2Fwp%2Fv2%2Fmedia&parent=35798"}],"wp:term":[{"taxonomy":"category","embeddable":true,"href":"https:\/\/www.egemtv.com\/index.php?rest_route=%2Fwp%2Fv2%2Fcategories&post=35798"},{"taxonomy":"post_tag","embeddable":true,"href":"https:\/\/www.egemtv.com\/index.php?rest_route=%2Fwp%2Fv2%2Ftags&post=35798"}],"curies":[{"name":"wp","href":"https:\/\/api.w.org\/{rel}","templated":true}]}}