{"id":35792,"date":"2025-06-17T17:57:32","date_gmt":"2025-06-17T14:57:32","guid":{"rendered":"https:\/\/www.egemtv.com\/?p=35792"},"modified":"2025-06-17T17:57:36","modified_gmt":"2025-06-17T14:57:36","slug":"minik-eller-denizli-horozu-uretimini-ogrendi","status":"publish","type":"post","link":"https:\/\/www.egemtv.com\/?p=35792","title":{"rendered":"Minik eller Denizli Horozu \u00fcretimini \u00f6\u011frendi"},"content":{"rendered":"<p>Denizli\u2019de anaokulu \u00f6\u011frencileri, gezdikleri \u0130l Tar\u0131m ve Orman M\u00fcd\u00fcrl\u00fc\u011f\u00fcnde su verimlili\u011fi ve hijyen konular\u0131n\u0131 yerinde \u00f6\u011frendi. Minikler, kentin sembol\u00fc olan Denizli Horozu \u00fcretim biriminde bilgiler ald\u0131.<\/p>\n<p>Denizli Z\u00fcbeyde Han\u0131m Anaokulu \u00f6\u011frencileri, s\u0131n\u0131f \u00f6\u011fretmenleri ile birlikte \u0130l Tar\u0131m ve Orman M\u00fcd\u00fcrl\u00fc\u011f\u00fcn\u00fc ziyaret etti. Tar\u0131m ve Orman Bakanl\u0131\u011f\u0131 koordinasyonunda ba\u015flat\u0131lan Su Verimlili\u011fi Seferberli\u011fi ile G\u0131da ve Hijyen konular\u0131nda haz\u0131rlanan tan\u0131t\u0131m videolar\u0131n\u0131 izlediler. \u0130l M\u00fcd\u00fcrl\u00fc\u011f\u00fc b\u00fcnyesinde bulunan Denizli Horozu Irk\u0131 \u00dcretim Biriminde yerel sembol olan Denizli Horozu ve tavu\u011funu ziyaret ederek, teknik personelden bilgiler alan minikler, farkl\u0131 tecr\u00fcbeler kazand\u0131.<\/p>\n<p>Daha sonra palya\u00e7o g\u00f6sterisinde e\u011flenceli anlar ya\u015fayan miniklere, il m\u00fcd\u00fcrl\u00fc\u011f\u00fcnde g\u00f6rev yapan meslek gruplar\u0131 ile m\u00fcd\u00fcrl\u00fc\u011f\u00fcn \u00e7al\u0131\u015fma alanlar\u0131 anlat\u0131larak s\u00fct ikram\u0131 yap\u0131ld\u0131. Fidan hediye edilen minik \u00f6\u011frenciler, daha sonra hat\u0131ra foto\u011fraf\u0131 \u00e7ekildiler.<br \/><\/p>\n","protected":false},"excerpt":{"rendered":"<p>Denizli\u2019de anaokulu \u00f6\u011frencileri, gezdikleri \u0130l Tar\u0131m ve Orman M\u00fcd\u00fcrl\u00fc\u011f\u00fcnde su verimlili\u011fi ve hijyen konular\u0131n\u0131 yerinde \u00f6\u011frendi. Minikler, kentin sembol\u00fc olan Denizli Horozu \u00fcretim biriminde bilgiler ald\u0131. Denizli Z\u00fcbeyde Han\u0131m Anaokulu \u00f6\u011frencileri, s\u0131n\u0131f \u00f6\u011fretmenleri ile birlikte \u0130l Tar\u0131m ve Orman M\u00fcd\u00fcrl\u00fc\u011f\u00fcn\u00fc ziyaret etti. Tar\u0131m ve Orman Bakanl\u0131\u011f\u0131 koordinasyonunda ba\u015flat\u0131lan Su Verimlili\u011fi Seferberli\u011fi ile G\u0131da ve Hijyen&#8230;<\/p>\n","protected":false},"author":1,"featured_media":35793,"comment_status":"open","ping_status":"open","sticky":false,"template":"","format":"standard","meta":{"_crdt_document":"","footnotes":""},"categories":[1],"tags":[],"class_list":["post-35792","post","type-post","status-publish","format-standard","has-post-thumbnail","hentry","category-guncel"],"_links":{"self":[{"href":"https:\/\/www.egemtv.com\/index.php?rest_route=\/wp\/v2\/posts\/35792","targetHints":{"allow":["GET"]}}],"collection":[{"href":"https:\/\/www.egemtv.com\/index.php?rest_route=\/wp\/v2\/posts"}],"about":[{"href":"https:\/\/www.egemtv.com\/index.php?rest_route=\/wp\/v2\/types\/post"}],"author":[{"embeddable":true,"href":"https:\/\/www.egemtv.com\/index.php?rest_route=\/wp\/v2\/users\/1"}],"replies":[{"embeddable":true,"href":"https:\/\/www.egemtv.com\/index.php?rest_route=%2Fwp%2Fv2%2Fcomments&post=35792"}],"version-history":[{"count":1,"href":"https:\/\/www.egemtv.com\/index.php?rest_route=\/wp\/v2\/posts\/35792\/revisions"}],"predecessor-version":[{"id":35794,"href":"https:\/\/www.egemtv.com\/index.php?rest_route=\/wp\/v2\/posts\/35792\/revisions\/35794"}],"wp:featuredmedia":[{"embeddable":true,"href":"https:\/\/www.egemtv.com\/index.php?rest_route=\/wp\/v2\/media\/35793"}],"wp:attachment":[{"href":"https:\/\/www.egemtv.com\/index.php?rest_route=%2Fwp%2Fv2%2Fmedia&parent=35792"}],"wp:term":[{"taxonomy":"category","embeddable":true,"href":"https:\/\/www.egemtv.com\/index.php?rest_route=%2Fwp%2Fv2%2Fcategories&post=35792"},{"taxonomy":"post_tag","embeddable":true,"href":"https:\/\/www.egemtv.com\/index.php?rest_route=%2Fwp%2Fv2%2Ftags&post=35792"}],"curies":[{"name":"wp","href":"https:\/\/api.w.org\/{rel}","templated":true}]}}