{"id":35789,"date":"2025-06-17T17:35:26","date_gmt":"2025-06-17T14:35:26","guid":{"rendered":"https:\/\/www.egemtv.com\/?p=35789"},"modified":"2025-06-17T17:35:30","modified_gmt":"2025-06-17T14:35:30","slug":"merkezefendide-yaz-spor-okullari-icin-kayitlar-suruyor","status":"publish","type":"post","link":"https:\/\/www.egemtv.com\/?p=35789","title":{"rendered":"Merkezefendi\u2019de Yaz Spor Okullar\u0131 i\u00e7in kay\u0131tlar s\u00fcr\u00fcyor"},"content":{"rendered":"<p>Merkezefendi Belediyesi\u2019nin her y\u0131l b\u00fcy\u00fck ilgi g\u00f6ren Yaz Spor Okullar\u0131 i\u00e7in kurs kay\u0131tlar\u0131 19 Haziran Per\u015fembe g\u00fcn\u00fcne kadar uzat\u0131ld\u0131.<br \/>\n<br \/>Merkezefendi Belediyesi, yaz d\u00f6neminde 20 farkl\u0131 tesiste ve 14 ayr\u0131 bran\u015fta spor kurslar\u0131 d\u00fczenleyecek. Kurslara kat\u0131lmak isteyenler i\u00e7in son ba\u015fvuru tarihi 19 Haziran Per\u015fembe g\u00fcn\u00fc olarak g\u00fcncellendi. Kay\u0131t i\u015flemleri https:\/\/merkezefendi.bel.tr\/sporkursu\/Default.aspx \u00fczerinden ya da tesislerde \u015fahsen ba\u015fvuru yoluyla yap\u0131labiliyor.<br \/>\n<br \/>Yaz Spor Okullar\u0131\u2019na dair bran\u015f, ya\u015f gruplar\u0131 ve tesis bilgileri hakk\u0131nda detayl\u0131 bilgi almak isteyenler, belediyenin resmi web sitesini ziyaret edebilir ya da 444 8 662 numaral\u0131 \u00e7a\u011fr\u0131 merkezini aray\u0131p bilgi alabilecekler.<br \/><\/p>\n","protected":false},"excerpt":{"rendered":"<p>Merkezefendi Belediyesi\u2019nin her y\u0131l b\u00fcy\u00fck ilgi g\u00f6ren Yaz Spor Okullar\u0131 i\u00e7in kurs kay\u0131tlar\u0131 19 Haziran Per\u015fembe g\u00fcn\u00fcne kadar uzat\u0131ld\u0131. Merkezefendi Belediyesi, yaz d\u00f6neminde 20 farkl\u0131 tesiste ve 14 ayr\u0131 bran\u015fta spor kurslar\u0131 d\u00fczenleyecek. Kurslara kat\u0131lmak isteyenler i\u00e7in son ba\u015fvuru tarihi 19 Haziran Per\u015fembe g\u00fcn\u00fc olarak g\u00fcncellendi. Kay\u0131t i\u015flemleri https:\/\/merkezefendi.bel.tr\/sporkursu\/Default.aspx \u00fczerinden ya da tesislerde \u015fahsen ba\u015fvuru&#8230;<\/p>\n","protected":false},"author":1,"featured_media":35790,"comment_status":"open","ping_status":"open","sticky":false,"template":"","format":"standard","meta":{"_crdt_document":"","footnotes":""},"categories":[4],"tags":[],"class_list":["post-35789","post","type-post","status-publish","format-standard","has-post-thumbnail","hentry","category-spor"],"_links":{"self":[{"href":"https:\/\/www.egemtv.com\/index.php?rest_route=\/wp\/v2\/posts\/35789","targetHints":{"allow":["GET"]}}],"collection":[{"href":"https:\/\/www.egemtv.com\/index.php?rest_route=\/wp\/v2\/posts"}],"about":[{"href":"https:\/\/www.egemtv.com\/index.php?rest_route=\/wp\/v2\/types\/post"}],"author":[{"embeddable":true,"href":"https:\/\/www.egemtv.com\/index.php?rest_route=\/wp\/v2\/users\/1"}],"replies":[{"embeddable":true,"href":"https:\/\/www.egemtv.com\/index.php?rest_route=%2Fwp%2Fv2%2Fcomments&post=35789"}],"version-history":[{"count":1,"href":"https:\/\/www.egemtv.com\/index.php?rest_route=\/wp\/v2\/posts\/35789\/revisions"}],"predecessor-version":[{"id":35791,"href":"https:\/\/www.egemtv.com\/index.php?rest_route=\/wp\/v2\/posts\/35789\/revisions\/35791"}],"wp:featuredmedia":[{"embeddable":true,"href":"https:\/\/www.egemtv.com\/index.php?rest_route=\/wp\/v2\/media\/35790"}],"wp:attachment":[{"href":"https:\/\/www.egemtv.com\/index.php?rest_route=%2Fwp%2Fv2%2Fmedia&parent=35789"}],"wp:term":[{"taxonomy":"category","embeddable":true,"href":"https:\/\/www.egemtv.com\/index.php?rest_route=%2Fwp%2Fv2%2Fcategories&post=35789"},{"taxonomy":"post_tag","embeddable":true,"href":"https:\/\/www.egemtv.com\/index.php?rest_route=%2Fwp%2Fv2%2Ftags&post=35789"}],"curies":[{"name":"wp","href":"https:\/\/api.w.org\/{rel}","templated":true}]}}