{"id":35786,"date":"2025-06-17T17:17:46","date_gmt":"2025-06-17T14:17:46","guid":{"rendered":"https:\/\/www.egemtv.com\/?p=35786"},"modified":"2025-06-17T17:17:48","modified_gmt":"2025-06-17T14:17:48","slug":"denizlide-orman-yanginina-havadan-ve-karadan-mudahale-ediliyor","status":"publish","type":"post","link":"https:\/\/www.egemtv.com\/?p=35786","title":{"rendered":"Denizli\u2019de orman yang\u0131n\u0131na havadan ve karadan m\u00fcdahale ediliyor"},"content":{"rendered":"<p>Denizli\u2019nin \u00c7ivril il\u00e7esinde ba\u015flayan orman yang\u0131n\u0131 havadan ve karadan m\u00fcdahale ediliyor.<br \/>\n<br \/>Denizli\u2019nin \u00c7ivril il\u00e7esi Belence Mahallesi\u2019nde saat 15.30 s\u0131ralar\u0131nda ormanl\u0131k alanda hen\u00fcz bilinmeyen bir nedenden dolay\u0131 yang\u0131n \u00e7\u0131kt\u0131. \u00c7evredeki vatanda\u015flar\u0131n ihbar\u0131 \u00fczerine b\u00f6lgeye Denizli Orman B\u00f6lge M\u00fcd\u00fcrl\u00fc\u011f\u00fcne ba\u011fl\u0131 2 yang\u0131n s\u00f6nd\u00fcrme helikopteri, 10 araz\u00f6z, 4 ilk m\u00fcdahale arac\u0131 ve 28 personel sevk edildi. Ekipler alevleri kontrol alt\u0131na almak i\u00e7in cansiperane m\u00fccadele verirken, yang\u0131n\u0131n kontrol alt\u0131na al\u0131nmas\u0131 i\u00e7in havadan ve karadan m\u00fcdahale s\u00fcr\u00fcyor. Orman ekipleri yang\u0131n\u0131n ilerleyerek b\u00fcy\u00fcmesini engellerken, 2 hektar alan\u0131n ise zarar g\u00f6rd\u00fc\u011f\u00fc \u00f6\u011frenildi.<br \/><\/p>\n","protected":false},"excerpt":{"rendered":"<p>Denizli\u2019nin \u00c7ivril il\u00e7esinde ba\u015flayan orman yang\u0131n\u0131 havadan ve karadan m\u00fcdahale ediliyor. Denizli\u2019nin \u00c7ivril il\u00e7esi Belence Mahallesi\u2019nde saat 15.30 s\u0131ralar\u0131nda ormanl\u0131k alanda hen\u00fcz bilinmeyen bir nedenden dolay\u0131 yang\u0131n \u00e7\u0131kt\u0131. \u00c7evredeki vatanda\u015flar\u0131n ihbar\u0131 \u00fczerine b\u00f6lgeye Denizli Orman B\u00f6lge M\u00fcd\u00fcrl\u00fc\u011f\u00fcne ba\u011fl\u0131 2 yang\u0131n s\u00f6nd\u00fcrme helikopteri, 10 araz\u00f6z, 4 ilk m\u00fcdahale arac\u0131 ve 28 personel sevk edildi. Ekipler alevleri&#8230;<\/p>\n","protected":false},"author":1,"featured_media":35787,"comment_status":"open","ping_status":"open","sticky":false,"template":"","format":"standard","meta":{"_crdt_document":"","footnotes":""},"categories":[5],"tags":[],"class_list":["post-35786","post","type-post","status-publish","format-standard","has-post-thumbnail","hentry","category-asayis"],"_links":{"self":[{"href":"https:\/\/www.egemtv.com\/index.php?rest_route=\/wp\/v2\/posts\/35786","targetHints":{"allow":["GET"]}}],"collection":[{"href":"https:\/\/www.egemtv.com\/index.php?rest_route=\/wp\/v2\/posts"}],"about":[{"href":"https:\/\/www.egemtv.com\/index.php?rest_route=\/wp\/v2\/types\/post"}],"author":[{"embeddable":true,"href":"https:\/\/www.egemtv.com\/index.php?rest_route=\/wp\/v2\/users\/1"}],"replies":[{"embeddable":true,"href":"https:\/\/www.egemtv.com\/index.php?rest_route=%2Fwp%2Fv2%2Fcomments&post=35786"}],"version-history":[{"count":1,"href":"https:\/\/www.egemtv.com\/index.php?rest_route=\/wp\/v2\/posts\/35786\/revisions"}],"predecessor-version":[{"id":35788,"href":"https:\/\/www.egemtv.com\/index.php?rest_route=\/wp\/v2\/posts\/35786\/revisions\/35788"}],"wp:featuredmedia":[{"embeddable":true,"href":"https:\/\/www.egemtv.com\/index.php?rest_route=\/wp\/v2\/media\/35787"}],"wp:attachment":[{"href":"https:\/\/www.egemtv.com\/index.php?rest_route=%2Fwp%2Fv2%2Fmedia&parent=35786"}],"wp:term":[{"taxonomy":"category","embeddable":true,"href":"https:\/\/www.egemtv.com\/index.php?rest_route=%2Fwp%2Fv2%2Fcategories&post=35786"},{"taxonomy":"post_tag","embeddable":true,"href":"https:\/\/www.egemtv.com\/index.php?rest_route=%2Fwp%2Fv2%2Ftags&post=35786"}],"curies":[{"name":"wp","href":"https:\/\/api.w.org\/{rel}","templated":true}]}}