{"id":35783,"date":"2025-06-17T16:36:57","date_gmt":"2025-06-17T13:36:57","guid":{"rendered":"https:\/\/www.egemtv.com\/?p=35783"},"modified":"2025-06-17T16:37:01","modified_gmt":"2025-06-17T13:37:01","slug":"devrilen-traktorun-altinda-kalan-surucu-hayatini-kaybetti","status":"publish","type":"post","link":"https:\/\/www.egemtv.com\/?p=35783","title":{"rendered":"Devrilen trakt\u00f6r\u00fcn alt\u0131nda kalan s\u00fcr\u00fcc\u00fc hayat\u0131n\u0131 kaybetti"},"content":{"rendered":"<p>Ayd\u0131n\u2019\u0131n Ku\u015fadas\u0131 il\u00e7esinde, yoku\u015f a\u015fa\u011f\u0131 inerken devrilen trakt\u00f6r\u00fcn alt\u0131nda kalan Bahri S\u00fcr\u00fcc\u00fc (66), hayat\u0131n\u0131 kaybetti.<\/p>\n<p>Kaza De\u011firmendere Mahallesi 828 Sokak\u2019ta saat 15.00 s\u0131ralar\u0131nda meydana geldi. Edinilen bilgiye g\u00f6re, Bahri S\u00fcr\u00fcc\u00fc motoru \u00e7al\u0131\u015fmayan trakt\u00f6r\u00fcyle yoku\u015f a\u015fa\u011f\u0131 indi\u011fi s\u0131rada, engebeli arazide direksiyon hakimiyetini kaybetti. S\u00fcr\u00fcc\u00fc, devrilen trakt\u00f6r\u00fcn alt\u0131nda kald\u0131. Kazay\u0131 g\u00f6ren \u00e7evredekiler durumu 112 Acil \u00c7a\u011fr\u0131 Merkezi\u2019ne bildirdi. \u0130hbar \u00fczerine olay yerine gelen sa\u011fl\u0131k ekipleri taraf\u0131ndan yap\u0131lan kontrolde S\u00fcr\u00fcc\u00fc\u2019n\u00fcn hayat\u0131n\u0131 kaybetti\u011fi belirlendi. Olay yeri incelemesinin ard\u0131ndan S\u00fcr\u00fcc\u00fc\u2019n\u00fcn cenazesi \u0130zmir Adli T\u0131p Kurumu morguna kald\u0131r\u0131ld\u0131.<\/p>\n<p>Polis kazayla ilgili soru\u015fturma ba\u015flatt\u0131.<br \/><\/p>\n","protected":false},"excerpt":{"rendered":"<p>Ayd\u0131n\u2019\u0131n Ku\u015fadas\u0131 il\u00e7esinde, yoku\u015f a\u015fa\u011f\u0131 inerken devrilen trakt\u00f6r\u00fcn alt\u0131nda kalan Bahri S\u00fcr\u00fcc\u00fc (66), hayat\u0131n\u0131 kaybetti. Kaza De\u011firmendere Mahallesi 828 Sokak\u2019ta saat 15.00 s\u0131ralar\u0131nda meydana geldi. Edinilen bilgiye g\u00f6re, Bahri S\u00fcr\u00fcc\u00fc motoru \u00e7al\u0131\u015fmayan trakt\u00f6r\u00fcyle yoku\u015f a\u015fa\u011f\u0131 indi\u011fi s\u0131rada, engebeli arazide direksiyon hakimiyetini kaybetti. S\u00fcr\u00fcc\u00fc, devrilen trakt\u00f6r\u00fcn alt\u0131nda kald\u0131. Kazay\u0131 g\u00f6ren \u00e7evredekiler durumu 112 Acil \u00c7a\u011fr\u0131 Merkezi\u2019ne&#8230;<\/p>\n","protected":false},"author":1,"featured_media":35784,"comment_status":"open","ping_status":"open","sticky":false,"template":"","format":"standard","meta":{"_crdt_document":"","footnotes":""},"categories":[5],"tags":[],"class_list":["post-35783","post","type-post","status-publish","format-standard","has-post-thumbnail","hentry","category-asayis"],"_links":{"self":[{"href":"https:\/\/www.egemtv.com\/index.php?rest_route=\/wp\/v2\/posts\/35783","targetHints":{"allow":["GET"]}}],"collection":[{"href":"https:\/\/www.egemtv.com\/index.php?rest_route=\/wp\/v2\/posts"}],"about":[{"href":"https:\/\/www.egemtv.com\/index.php?rest_route=\/wp\/v2\/types\/post"}],"author":[{"embeddable":true,"href":"https:\/\/www.egemtv.com\/index.php?rest_route=\/wp\/v2\/users\/1"}],"replies":[{"embeddable":true,"href":"https:\/\/www.egemtv.com\/index.php?rest_route=%2Fwp%2Fv2%2Fcomments&post=35783"}],"version-history":[{"count":1,"href":"https:\/\/www.egemtv.com\/index.php?rest_route=\/wp\/v2\/posts\/35783\/revisions"}],"predecessor-version":[{"id":35785,"href":"https:\/\/www.egemtv.com\/index.php?rest_route=\/wp\/v2\/posts\/35783\/revisions\/35785"}],"wp:featuredmedia":[{"embeddable":true,"href":"https:\/\/www.egemtv.com\/index.php?rest_route=\/wp\/v2\/media\/35784"}],"wp:attachment":[{"href":"https:\/\/www.egemtv.com\/index.php?rest_route=%2Fwp%2Fv2%2Fmedia&parent=35783"}],"wp:term":[{"taxonomy":"category","embeddable":true,"href":"https:\/\/www.egemtv.com\/index.php?rest_route=%2Fwp%2Fv2%2Fcategories&post=35783"},{"taxonomy":"post_tag","embeddable":true,"href":"https:\/\/www.egemtv.com\/index.php?rest_route=%2Fwp%2Fv2%2Ftags&post=35783"}],"curies":[{"name":"wp","href":"https:\/\/api.w.org\/{rel}","templated":true}]}}