{"id":35603,"date":"2025-06-16T19:15:53","date_gmt":"2025-06-16T16:15:53","guid":{"rendered":"https:\/\/www.egemtv.com\/?p=35603"},"modified":"2025-06-16T19:15:57","modified_gmt":"2025-06-16T16:15:57","slug":"malgac-baskini-ve-yoruk-ali-efe-106-yilinda-anildi","status":"publish","type":"post","link":"https:\/\/www.egemtv.com\/?p=35603","title":{"rendered":"Malga\u00e7 Bask\u0131n\u0131 ve Y\u00f6r\u00fck Ali Efe 106. y\u0131l\u0131nda an\u0131ld\u0131"},"content":{"rendered":"<p>Ayd\u0131n\u2019\u0131n Sultanhisar il\u00e7esinde milli direni\u015fin ilk k\u0131v\u0131lc\u0131mlar\u0131n\u0131n ate\u015flendi\u011fi \u2018Malga\u00e7 K\u00f6pr\u00fcs\u00fc Bask\u0131n\u0131 ve Y\u00f6r\u00fck Ali Efe 106. y\u0131l\u0131nda minnetle an\u0131ld\u0131.<\/p>\n<p>Kuvay-i Milliye Kahramanlar\u0131 aras\u0131ndaki en \u00f6nemli isimlerden olan Y\u00f6r\u00fck Ali Efe ve k\u0131zanlar\u0131n\u0131n ba\u015flatt\u0131\u011f\u0131 ve Yunan i\u015fgaline kar\u015f\u0131 ilk \u00f6rg\u00fctl\u00fc direni\u015f olan \u2018Malga\u00e7 K\u00f6pr\u00fcs\u00fc Kuvay-i Milliye Direni\u015fi\u2019nin 106. y\u0131ld\u00f6n\u00fcm\u00fc nedeniyle Sultanhisar\u2019da bulunan Malga\u00e7 Bask\u0131n\u0131 An\u0131t\u0131 \u00f6n\u00fcnde t\u00f6ren d\u00fczenlendi.<\/p>\n<p>Sultanhisar Kaymakam\u0131 Ali Ekber Ate\u015f ve Belediye Ba\u015fkan\u0131 Osman Y\u0131ld\u0131r\u0131mkaya\u2019n\u0131n ev sahipli\u011finde ger\u00e7ekle\u015fen t\u00f6rene, Y\u00f6r\u00fck Ali Efe\u2019nin torunu emekli Vali Kayhan Kavas, Nazilli Belediye Ba\u015fkan\u0131 Ertu\u011frul Tetik, Efeler Belediye Ba\u015fkan\u0131 An\u0131l Yeti\u015fkin, MHP Ayd\u0131n \u0130l Ba\u015fkan\u0131 Haluk Al\u0131c\u0131k, il\u00e7e protokol\u00fc, kurum amirleri, ara\u015ft\u0131rmac\u0131, tarih\u00e7i yazarlar ve vatanda\u015flar kat\u0131ld\u0131. Malga\u00e7 bask\u0131n\u0131 An\u0131t\u0131na \u00e7elenk sunumunun ard\u0131ndan sayg\u0131 duru\u015funda bulunuldu ve \u0130stiklal Mar\u015f\u0131 okundu.<\/p>\n<p>&#8220;Bask\u0131n, ulusal direni\u015fe d\u00f6n\u00fc\u015fmede \u00f6nc\u00fc rol oynam\u0131\u015ft\u0131r&#8221;<br \/>\n<br \/>Belediye Ba\u015fkan\u0131 Osman Y\u0131ld\u0131r\u0131mkaya, 16 Haziran 1919\u2019da Y\u00f6r\u00fck Ali Efe ve arkada\u015flar\u0131n\u0131n Malga\u00e7 Demiryolu K\u00f6pr\u00fcs\u00fc\u2019ne d\u00fczenledi\u011fi bask\u0131n\u0131n, Yunan sevkiyat\u0131n\u0131 durdurdu\u011funu ve bu direni\u015fin Bat\u0131 Anadolu\u2019daki ilk b\u00fcy\u00fck ba\u015far\u0131 oldu\u011funu hat\u0131rlatarak, &#8220;Bu bask\u0131n, yerel direni\u015fin \u00f6rg\u00fctlenmesinde ve giderek ulusal direni\u015fe d\u00f6n\u00fc\u015fmesinde \u00f6nc\u00fc rol oynam\u0131\u015ft\u0131r&#8221; dedi.<\/p>\n<p>&#8220;Gen\u00e7lerimize do\u011fru tarihi anlatmal\u0131y\u0131z&#8221;<br \/>\n<br \/>Sultanhisar Kaymakam\u0131 Ali Ekber Ate\u015f ise konu\u015fmas\u0131nda, &#8220;Bug\u00fcn bu topraklarda \u00f6zg\u00fcrce ya\u015f\u0131yorsak, bunu Y\u00f6r\u00fck Ali Efe ve silah arkada\u015flar\u0131na bor\u00e7luyuz. Gen\u00e7lerimize bu tarihi do\u011fru \u015fekilde anlatmak bizlerin g\u00f6revidir&#8221; dedi.<\/p>\n<p>&#8220;Kuva-yi Milliye Ara\u015ft\u0131rma Merkezi kurulmal\u0131&#8221;<br \/>\n<br \/>Programda konu\u015fan Y\u00f6r\u00fck Ali Efe\u2019nin torunu emekli Vali Kayhan Kavas, Kuva-yi Milliye\u2019ye ili\u015fkin ara\u015ft\u0131rmalar\u0131n kurumsal temele oturtulmas\u0131 gerekti\u011fini belirterek, bir Kuva-yi Milliye Ara\u015ft\u0131rma Merkezi kurulmas\u0131 \u00e7a\u011fr\u0131s\u0131nda bulundu. Kavas ayr\u0131ca, bu y\u00f6ndeki \u00e7al\u0131\u015fmalar\u0131 i\u00e7in Efeler Belediye Ba\u015fkan\u0131 An\u0131l Yeti\u015fkin\u2019e te\u015fekk\u00fcr etti.<\/p>\n<p>Protokol konu\u015fmalar\u0131n\u0131n ard\u0131ndan g\u00fcn\u00fcn anlam ve \u00f6nemine dair yap\u0131lan yar\u0131\u015fmalarda dereceye giren \u00f6\u011frencilere \u00f6d\u00fclleri verildi. \u00d6\u011frencilerin \u015fiirlerini okumas\u0131n\u0131n ard\u0131ndan Efelerinin g\u00f6sterileri b\u00fcy\u00fck bir be\u011feni ile izlendi. Son olarak \u015fehitler an\u0131s\u0131na mevlit okunarak dua edildi ve davetlilere ikramlarda bulunuldu.<br \/><\/p>\n","protected":false},"excerpt":{"rendered":"<p>Ayd\u0131n\u2019\u0131n Sultanhisar il\u00e7esinde milli direni\u015fin ilk k\u0131v\u0131lc\u0131mlar\u0131n\u0131n ate\u015flendi\u011fi \u2018Malga\u00e7 K\u00f6pr\u00fcs\u00fc Bask\u0131n\u0131 ve Y\u00f6r\u00fck Ali Efe 106. y\u0131l\u0131nda minnetle an\u0131ld\u0131. Kuvay-i Milliye Kahramanlar\u0131 aras\u0131ndaki en \u00f6nemli isimlerden olan Y\u00f6r\u00fck Ali Efe ve k\u0131zanlar\u0131n\u0131n ba\u015flatt\u0131\u011f\u0131 ve Yunan i\u015fgaline kar\u015f\u0131 ilk \u00f6rg\u00fctl\u00fc direni\u015f olan \u2018Malga\u00e7 K\u00f6pr\u00fcs\u00fc Kuvay-i Milliye Direni\u015fi\u2019nin 106. y\u0131ld\u00f6n\u00fcm\u00fc nedeniyle Sultanhisar\u2019da bulunan Malga\u00e7 Bask\u0131n\u0131 An\u0131t\u0131 \u00f6n\u00fcnde&#8230;<\/p>\n","protected":false},"author":1,"featured_media":35604,"comment_status":"open","ping_status":"open","sticky":false,"template":"","format":"standard","meta":{"_crdt_document":"","footnotes":""},"categories":[1],"tags":[],"class_list":["post-35603","post","type-post","status-publish","format-standard","has-post-thumbnail","hentry","category-guncel"],"_links":{"self":[{"href":"https:\/\/www.egemtv.com\/index.php?rest_route=\/wp\/v2\/posts\/35603","targetHints":{"allow":["GET"]}}],"collection":[{"href":"https:\/\/www.egemtv.com\/index.php?rest_route=\/wp\/v2\/posts"}],"about":[{"href":"https:\/\/www.egemtv.com\/index.php?rest_route=\/wp\/v2\/types\/post"}],"author":[{"embeddable":true,"href":"https:\/\/www.egemtv.com\/index.php?rest_route=\/wp\/v2\/users\/1"}],"replies":[{"embeddable":true,"href":"https:\/\/www.egemtv.com\/index.php?rest_route=%2Fwp%2Fv2%2Fcomments&post=35603"}],"version-history":[{"count":1,"href":"https:\/\/www.egemtv.com\/index.php?rest_route=\/wp\/v2\/posts\/35603\/revisions"}],"predecessor-version":[{"id":35605,"href":"https:\/\/www.egemtv.com\/index.php?rest_route=\/wp\/v2\/posts\/35603\/revisions\/35605"}],"wp:featuredmedia":[{"embeddable":true,"href":"https:\/\/www.egemtv.com\/index.php?rest_route=\/wp\/v2\/media\/35604"}],"wp:attachment":[{"href":"https:\/\/www.egemtv.com\/index.php?rest_route=%2Fwp%2Fv2%2Fmedia&parent=35603"}],"wp:term":[{"taxonomy":"category","embeddable":true,"href":"https:\/\/www.egemtv.com\/index.php?rest_route=%2Fwp%2Fv2%2Fcategories&post=35603"},{"taxonomy":"post_tag","embeddable":true,"href":"https:\/\/www.egemtv.com\/index.php?rest_route=%2Fwp%2Fv2%2Ftags&post=35603"}],"curies":[{"name":"wp","href":"https:\/\/api.w.org\/{rel}","templated":true}]}}