{"id":35600,"date":"2025-06-16T18:56:01","date_gmt":"2025-06-16T15:56:01","guid":{"rendered":"https:\/\/www.egemtv.com\/?p=35600"},"modified":"2025-06-16T18:56:08","modified_gmt":"2025-06-16T15:56:08","slug":"egitim-alan-kadin-pilot-denize-dustu","status":"publish","type":"post","link":"https:\/\/www.egemtv.com\/?p=35600","title":{"rendered":"E\u011fitim alan kad\u0131n pilot denize d\u00fc\u015ft\u00fc"},"content":{"rendered":"<p>Mu\u011fla\u2019n\u0131n Fethiye il\u00e7esindeki d\u00fcnyaca \u00fcnl\u00fc yama\u00e7 para\u015f\u00fct\u00fc merkezi Babada\u011f\u2019dan u\u00e7u\u015f yapt\u0131ktan sonra \u00d6l\u00fcdeniz semalar\u0131nda yedek para\u015f\u00fct\u00fc a\u00e7\u0131lmay\u0131nca denize d\u00fc\u015fen kad\u0131n pilot, b\u00f6lgede bulunan bir s\u00fcrat teknesine al\u0131narak hafif yaral\u0131 olarak kurtar\u0131ld\u0131.<br \/>\n<br \/>Fethiye\u2019ye bir kurumdan yama\u00e7 para\u015f\u00fct\u00fc e\u011fitimi almak \u00fczere geldi\u011fi \u00f6\u011frenilen Esra S. sabah saatlerinde teleferikle Babada\u011f\u2019a \u00e7\u0131kt\u0131. Babada\u011f\u2019\u0131n bin 700 metrelik pistinden single (tekli) u\u00e7u\u015f yapan Esra S. g\u00f6ky\u00fcz\u00fcnden \u00d6l\u00fcdeniz\u2019i izlerken k\u0131y\u0131ya yakla\u015f\u0131k 300 metre mesafede 150 metre y\u00fckseklikten bir anda denize do\u011fru savruldu. Yedek para\u015f\u00fct\u00fcn\u00fc a\u00e7amayan Esra S.\u2019nin denize d\u00fc\u015ft\u00fc\u011f\u00fcn\u00fc g\u00f6ren k\u0131y\u0131daki gezi i\u015fi yapan s\u00fcrat tekneleri bo\u011fulma tehlikesi de ya\u015fayan yama\u00e7 para\u015f\u00fct\u00fc tutkunu kad\u0131n\u0131 kurtarmak i\u00e7in harekete ge\u00e7ti. Bu s\u0131rada baz\u0131 vatanda\u015flar da 112 Acil \u00c7a\u011fr\u0131 Merkezi\u2019nden yard\u0131m istedi. S\u00fcrat teknesi k\u0131sa s\u00fcrede yama\u00e7 para\u015f\u00fct\u00fc pilotu Esra S.\u2019ye ula\u015f\u0131p bulundu\u011fu yerden kurtar\u0131p tekneye ald\u0131. Olay yerine sa\u011fl\u0131k, sahil g\u00fcvenlik ve jandarma ekipleri sevk edildi. Belcek\u0131z Plaj\u0131\u2019na s\u00fcrat teknesi ile getirilen Esra S.\u2019ye sa\u011fl\u0131k ekipleri taraf\u0131ndan ilk m\u00fcdahalesi s\u00fcrat teknesinde yap\u0131l\u0131rken, m\u00fcdahalenin ard\u0131ndan gen\u00e7 kad\u0131n para\u015f\u00fct\u00e7\u00fc sedyeye al\u0131nd\u0131. Tekneden sedye ile ambulansa g\u00f6t\u00fcr\u00fclen kad\u0131n para\u015f\u00fct\u00e7\u00fc Fethiye Devlet Hastanesi\u2019ne kald\u0131r\u0131ld\u0131. Fethiye Devlet Hastanesi\u2019nde tedavi alt\u0131na al\u0131nan para\u015f\u00fct\u00e7\u00fcn\u00fcn hafif yaral\u0131 oldu\u011fu ve durumunun ciddi olmad\u0131\u011f\u0131 kaydedildi.<br \/><\/p>\n","protected":false},"excerpt":{"rendered":"<p>Mu\u011fla\u2019n\u0131n Fethiye il\u00e7esindeki d\u00fcnyaca \u00fcnl\u00fc yama\u00e7 para\u015f\u00fct\u00fc merkezi Babada\u011f\u2019dan u\u00e7u\u015f yapt\u0131ktan sonra \u00d6l\u00fcdeniz semalar\u0131nda yedek para\u015f\u00fct\u00fc a\u00e7\u0131lmay\u0131nca denize d\u00fc\u015fen kad\u0131n pilot, b\u00f6lgede bulunan bir s\u00fcrat teknesine al\u0131narak hafif yaral\u0131 olarak kurtar\u0131ld\u0131. Fethiye\u2019ye bir kurumdan yama\u00e7 para\u015f\u00fct\u00fc e\u011fitimi almak \u00fczere geldi\u011fi \u00f6\u011frenilen Esra S. sabah saatlerinde teleferikle Babada\u011f\u2019a \u00e7\u0131kt\u0131. Babada\u011f\u2019\u0131n bin 700 metrelik pistinden single (tekli)&#8230;<\/p>\n","protected":false},"author":1,"featured_media":35601,"comment_status":"open","ping_status":"open","sticky":false,"template":"","format":"standard","meta":{"_crdt_document":"","footnotes":""},"categories":[5],"tags":[],"class_list":["post-35600","post","type-post","status-publish","format-standard","has-post-thumbnail","hentry","category-asayis"],"_links":{"self":[{"href":"https:\/\/www.egemtv.com\/index.php?rest_route=\/wp\/v2\/posts\/35600","targetHints":{"allow":["GET"]}}],"collection":[{"href":"https:\/\/www.egemtv.com\/index.php?rest_route=\/wp\/v2\/posts"}],"about":[{"href":"https:\/\/www.egemtv.com\/index.php?rest_route=\/wp\/v2\/types\/post"}],"author":[{"embeddable":true,"href":"https:\/\/www.egemtv.com\/index.php?rest_route=\/wp\/v2\/users\/1"}],"replies":[{"embeddable":true,"href":"https:\/\/www.egemtv.com\/index.php?rest_route=%2Fwp%2Fv2%2Fcomments&post=35600"}],"version-history":[{"count":1,"href":"https:\/\/www.egemtv.com\/index.php?rest_route=\/wp\/v2\/posts\/35600\/revisions"}],"predecessor-version":[{"id":35602,"href":"https:\/\/www.egemtv.com\/index.php?rest_route=\/wp\/v2\/posts\/35600\/revisions\/35602"}],"wp:featuredmedia":[{"embeddable":true,"href":"https:\/\/www.egemtv.com\/index.php?rest_route=\/wp\/v2\/media\/35601"}],"wp:attachment":[{"href":"https:\/\/www.egemtv.com\/index.php?rest_route=%2Fwp%2Fv2%2Fmedia&parent=35600"}],"wp:term":[{"taxonomy":"category","embeddable":true,"href":"https:\/\/www.egemtv.com\/index.php?rest_route=%2Fwp%2Fv2%2Fcategories&post=35600"},{"taxonomy":"post_tag","embeddable":true,"href":"https:\/\/www.egemtv.com\/index.php?rest_route=%2Fwp%2Fv2%2Ftags&post=35600"}],"curies":[{"name":"wp","href":"https:\/\/api.w.org\/{rel}","templated":true}]}}