{"id":35597,"date":"2025-06-16T18:55:57","date_gmt":"2025-06-16T15:55:57","guid":{"rendered":"https:\/\/www.egemtv.com\/?p=35597"},"modified":"2025-06-16T18:56:01","modified_gmt":"2025-06-16T15:56:01","slug":"icmelerde-yikim-gerginligi-esnaf-ve-ekipler-karsi-karsiya-geldi","status":"publish","type":"post","link":"https:\/\/www.egemtv.com\/?p=35597","title":{"rendered":"\u0130\u00e7meler\u2019de y\u0131k\u0131m gerginli\u011fi: &#8220;Esnaf ve ekipler kar\u015f\u0131 kar\u015f\u0131ya geldi&#8221;"},"content":{"rendered":"<p>Mu\u011fla\u2019n\u0131n Marmaris il\u00e7esine ba\u011fl\u0131 \u0130\u00e7meler Mahallesi\u2019nde, bir i\u015fletmenin imara ayk\u0131r\u0131 \u015fekilde b\u00fcy\u00fct\u00fclen b\u00f6l\u00fcmleri nedeniyle ba\u015flayan y\u0131k\u0131m giri\u015fimi gerginli\u011fe neden oldu.<\/p>\n<p>Marmaris Belediyesi Fen \u0130\u015fleri M\u00fcd\u00fcrl\u00fc\u011f\u00fc ekipleri, ka\u00e7ak yap\u0131la\u015fmaya kar\u015f\u0131 y\u00fcr\u00fctt\u00fc\u011f\u00fc \u00e7al\u0131\u015fmalar kapsam\u0131nda sabah saatlerinde kolluk kuvvetleri e\u015fli\u011finde y\u0131k\u0131m i\u00e7in i\u015fletmeye gitti. S\u00f6z konusu yap\u0131 hakk\u0131nda daha \u00f6nce imar kurallar\u0131na ayk\u0131r\u0131l\u0131k tespit edilerek y\u0131k\u0131m karar\u0131 \u00e7\u0131kar\u0131ld\u0131\u011f\u0131 ve bu karar\u0131n i\u015fletme sahiplerine bildirildi\u011fi \u00f6\u011frenildi. \u0130\u015fletme yetkililerinin bu karara itiraz ederek idare mahkemesine ba\u015fvurdu\u011fu, ilk etapta y\u00fcr\u00fctmeyi durdurma karar\u0131 ald\u0131\u011f\u0131 ancak daha sonra bu karar\u0131n mahkeme taraf\u0131ndan kald\u0131r\u0131ld\u0131\u011f\u0131 belirtildi. Mahkeme s\u00fcrecinin sonunda kesin y\u0131k\u0131m karar\u0131n\u0131n onanmas\u0131yla birlikte belediye ekipleri yeniden harekete ge\u00e7ti. Ekiplerin y\u0131k\u0131m i\u00e7in b\u00f6lgeye gitti\u011fi esnada \u00e7evredeki baz\u0131 esnaf ve i\u015fletmeciler duruma tepki g\u00f6stererek polis ve zab\u0131ta ekipleriyle tart\u0131\u015ft\u0131. &#8220;Y\u00fczlerce b\u00f6yle d\u00fckkan var, neden sadece bizimle u\u011fra\u015f\u0131yorsunuz?&#8221; diyen esnaf ile g\u00fcvenlik g\u00fc\u00e7leri aras\u0131nda arbede ya\u015fand\u0131. Zaman zaman b\u00fcy\u00fcyen gerginlik nedeniyle y\u0131k\u0131m i\u015flemi ger\u00e7ekle\u015ftirilemedi. Y\u0131k\u0131m\u0131n ilerleyen g\u00fcnlerde tekrar g\u00fcndeme gelece\u011fi ifade edildi.<br \/><\/p>\n","protected":false},"excerpt":{"rendered":"<p>Mu\u011fla\u2019n\u0131n Marmaris il\u00e7esine ba\u011fl\u0131 \u0130\u00e7meler Mahallesi\u2019nde, bir i\u015fletmenin imara ayk\u0131r\u0131 \u015fekilde b\u00fcy\u00fct\u00fclen b\u00f6l\u00fcmleri nedeniyle ba\u015flayan y\u0131k\u0131m giri\u015fimi gerginli\u011fe neden oldu. Marmaris Belediyesi Fen \u0130\u015fleri M\u00fcd\u00fcrl\u00fc\u011f\u00fc ekipleri, ka\u00e7ak yap\u0131la\u015fmaya kar\u015f\u0131 y\u00fcr\u00fctt\u00fc\u011f\u00fc \u00e7al\u0131\u015fmalar kapsam\u0131nda sabah saatlerinde kolluk kuvvetleri e\u015fli\u011finde y\u0131k\u0131m i\u00e7in i\u015fletmeye gitti. S\u00f6z konusu yap\u0131 hakk\u0131nda daha \u00f6nce imar kurallar\u0131na ayk\u0131r\u0131l\u0131k tespit edilerek y\u0131k\u0131m karar\u0131 \u00e7\u0131kar\u0131ld\u0131\u011f\u0131&#8230;<\/p>\n","protected":false},"author":1,"featured_media":35598,"comment_status":"open","ping_status":"open","sticky":false,"template":"","format":"standard","meta":{"_crdt_document":"","footnotes":""},"categories":[5],"tags":[],"class_list":["post-35597","post","type-post","status-publish","format-standard","has-post-thumbnail","hentry","category-asayis"],"_links":{"self":[{"href":"https:\/\/www.egemtv.com\/index.php?rest_route=\/wp\/v2\/posts\/35597","targetHints":{"allow":["GET"]}}],"collection":[{"href":"https:\/\/www.egemtv.com\/index.php?rest_route=\/wp\/v2\/posts"}],"about":[{"href":"https:\/\/www.egemtv.com\/index.php?rest_route=\/wp\/v2\/types\/post"}],"author":[{"embeddable":true,"href":"https:\/\/www.egemtv.com\/index.php?rest_route=\/wp\/v2\/users\/1"}],"replies":[{"embeddable":true,"href":"https:\/\/www.egemtv.com\/index.php?rest_route=%2Fwp%2Fv2%2Fcomments&post=35597"}],"version-history":[{"count":1,"href":"https:\/\/www.egemtv.com\/index.php?rest_route=\/wp\/v2\/posts\/35597\/revisions"}],"predecessor-version":[{"id":35599,"href":"https:\/\/www.egemtv.com\/index.php?rest_route=\/wp\/v2\/posts\/35597\/revisions\/35599"}],"wp:featuredmedia":[{"embeddable":true,"href":"https:\/\/www.egemtv.com\/index.php?rest_route=\/wp\/v2\/media\/35598"}],"wp:attachment":[{"href":"https:\/\/www.egemtv.com\/index.php?rest_route=%2Fwp%2Fv2%2Fmedia&parent=35597"}],"wp:term":[{"taxonomy":"category","embeddable":true,"href":"https:\/\/www.egemtv.com\/index.php?rest_route=%2Fwp%2Fv2%2Fcategories&post=35597"},{"taxonomy":"post_tag","embeddable":true,"href":"https:\/\/www.egemtv.com\/index.php?rest_route=%2Fwp%2Fv2%2Ftags&post=35597"}],"curies":[{"name":"wp","href":"https:\/\/api.w.org\/{rel}","templated":true}]}}