{"id":35594,"date":"2025-06-16T18:35:39","date_gmt":"2025-06-16T15:35:39","guid":{"rendered":"https:\/\/www.egemtv.com\/?p=35594"},"modified":"2025-06-16T18:35:43","modified_gmt":"2025-06-16T15:35:43","slug":"bodrumda-ferdi-zeyrek-icin-lokma-hayri","status":"publish","type":"post","link":"https:\/\/www.egemtv.com\/?p=35594","title":{"rendered":"Bodrum\u2019da Ferdi Zeyrek i\u00e7in lokma hayr\u0131"},"content":{"rendered":"<p>Bodrum Belediyesi taraf\u0131ndan Manisa B\u00fcy\u00fck\u015fehir Belediye Ba\u015fkan\u0131 merhum Ferdi Zeyrek i\u00e7in lokma hayr\u0131 ger\u00e7ekle\u015ftirildi.<\/p>\n<p>Ge\u00e7ti\u011fimiz hafta hayat\u0131n\u0131 kaybeden Manisa B\u00fcy\u00fck\u015fehir Belediye Ba\u015fkan\u0131 Ferdi Zeyrek, vefat\u0131n\u0131n 7\u2019nci g\u00fcn\u00fcnde Belediye Meydan\u0131\u2019nda lokma hayr\u0131yla an\u0131ld\u0131. Lokma hayr\u0131na Bodrum Belediye Ba\u015fkan\u0131 Tamer Mandalinci, CHP Bodrum \u0130l\u00e7e Ba\u015fkan\u0131 Tuna I\u015f\u0131n, belediye ba\u015fkan yard\u0131mc\u0131lar\u0131, belediye meclis \u00fcyeleri, birim m\u00fcd\u00fcrleri ve \u00e7ok say\u0131da vatanda\u015f kat\u0131ld\u0131.<\/p>\n<p>Merhum Ferdi Zeyrek i\u00e7in d\u00fczenlenen lokma hayr\u0131nda duygular\u0131n\u0131 dile getiren Ba\u015fkan Tamer Mandalinci; &#8220;Manisa B\u00fcy\u00fck\u015fehir Belediye Ba\u015fkan\u0131m\u0131z Mimar Ferdi Zeyrek\u2019in vefat\u0131n\u0131n \u00fczerinden bir hafta ge\u00e7ti. Bug\u00fcn Bodrum Belediyesi olarak, ba\u015fkan\u0131m\u0131z\u0131n aziz hat\u0131ras\u0131na ithafen burada bir lokma hayr\u0131 d\u00fczenliyoruz. K\u0131sa s\u00fcrede Manisa\u2019ya de\u011ferli hizmetler sunmu\u015f, halk\u0131n g\u00f6nl\u00fcnde derin izler b\u0131rakm\u0131\u015f bir isimdi. Ferdi Zeyrek, kimseyi \u00f6tekile\u015ftirmeden, sevgiyle ve ho\u015fg\u00f6r\u00fcyle g\u00f6revini lay\u0131k\u0131yla yerine getiren \u00f6rnek bir siyaset\u00e7iydi. Cenazesi, T\u00fcrkiye\u2019nin son y\u0131llarda tan\u0131kl\u0131k etti\u011fi en kalabal\u0131k t\u00f6renlerden biri oldu ve hepimize \u00f6nemli bir mesaj verdi. \u0130nsanlar, bu d\u00fcnyada ard\u0131nda b\u0131rakt\u0131\u011f\u0131 g\u00fczel i\u015fler, eserler ve kazand\u0131\u011f\u0131 g\u00f6n\u00fcllerle an\u0131l\u0131r. Hayat ge\u00e7icidir; \u00f6nemli olan kalp k\u0131rmadan, umutla, halk i\u00e7in \u00e7al\u0131\u015farak ya\u015famak ve g\u00f6revimizi bu bilin\u00e7le yerine getirmektir. Say\u0131n ba\u015fkan\u0131m\u0131z, i\u015fte tam da b\u00f6yle bir insand\u0131. Gen\u00e7 ya\u015fta aram\u0131zdan ayr\u0131ld\u0131; ancak ard\u0131nda binlerce hay\u0131r duas\u0131 b\u0131rakarak ebediyete u\u011furland\u0131. Bu hayr\u0131m\u0131zla onun ruhuna bir nebze olsun ula\u015fabildiysek ne mutlu bize. Ba\u015fta Manisa halk\u0131 olmak \u00fczere, ailesinin, sevenlerinin, Cumhuriyet Halk Partisi ailemizin ve t\u00fcm milletimizin ba\u015f\u0131 sa\u011f olsun. Allah, yapt\u0131\u011f\u0131 g\u00fczel i\u015fler ve hay\u0131rlarla kendisini m\u00fckafatland\u0131rs\u0131n; mek\u00e2n\u0131 cennet, ruhu \u015fad olsun&#8221; dedi.<br \/><\/p>\n","protected":false},"excerpt":{"rendered":"<p>Bodrum Belediyesi taraf\u0131ndan Manisa B\u00fcy\u00fck\u015fehir Belediye Ba\u015fkan\u0131 merhum Ferdi Zeyrek i\u00e7in lokma hayr\u0131 ger\u00e7ekle\u015ftirildi. Ge\u00e7ti\u011fimiz hafta hayat\u0131n\u0131 kaybeden Manisa B\u00fcy\u00fck\u015fehir Belediye Ba\u015fkan\u0131 Ferdi Zeyrek, vefat\u0131n\u0131n 7\u2019nci g\u00fcn\u00fcnde Belediye Meydan\u0131\u2019nda lokma hayr\u0131yla an\u0131ld\u0131. Lokma hayr\u0131na Bodrum Belediye Ba\u015fkan\u0131 Tamer Mandalinci, CHP Bodrum \u0130l\u00e7e Ba\u015fkan\u0131 Tuna I\u015f\u0131n, belediye ba\u015fkan yard\u0131mc\u0131lar\u0131, belediye meclis \u00fcyeleri, birim m\u00fcd\u00fcrleri ve \u00e7ok&#8230;<\/p>\n","protected":false},"author":1,"featured_media":35595,"comment_status":"open","ping_status":"open","sticky":false,"template":"","format":"standard","meta":{"_crdt_document":"","footnotes":""},"categories":[1],"tags":[],"class_list":["post-35594","post","type-post","status-publish","format-standard","has-post-thumbnail","hentry","category-guncel"],"_links":{"self":[{"href":"https:\/\/www.egemtv.com\/index.php?rest_route=\/wp\/v2\/posts\/35594","targetHints":{"allow":["GET"]}}],"collection":[{"href":"https:\/\/www.egemtv.com\/index.php?rest_route=\/wp\/v2\/posts"}],"about":[{"href":"https:\/\/www.egemtv.com\/index.php?rest_route=\/wp\/v2\/types\/post"}],"author":[{"embeddable":true,"href":"https:\/\/www.egemtv.com\/index.php?rest_route=\/wp\/v2\/users\/1"}],"replies":[{"embeddable":true,"href":"https:\/\/www.egemtv.com\/index.php?rest_route=%2Fwp%2Fv2%2Fcomments&post=35594"}],"version-history":[{"count":1,"href":"https:\/\/www.egemtv.com\/index.php?rest_route=\/wp\/v2\/posts\/35594\/revisions"}],"predecessor-version":[{"id":35596,"href":"https:\/\/www.egemtv.com\/index.php?rest_route=\/wp\/v2\/posts\/35594\/revisions\/35596"}],"wp:featuredmedia":[{"embeddable":true,"href":"https:\/\/www.egemtv.com\/index.php?rest_route=\/wp\/v2\/media\/35595"}],"wp:attachment":[{"href":"https:\/\/www.egemtv.com\/index.php?rest_route=%2Fwp%2Fv2%2Fmedia&parent=35594"}],"wp:term":[{"taxonomy":"category","embeddable":true,"href":"https:\/\/www.egemtv.com\/index.php?rest_route=%2Fwp%2Fv2%2Fcategories&post=35594"},{"taxonomy":"post_tag","embeddable":true,"href":"https:\/\/www.egemtv.com\/index.php?rest_route=%2Fwp%2Fv2%2Ftags&post=35594"}],"curies":[{"name":"wp","href":"https:\/\/api.w.org\/{rel}","templated":true}]}}