{"id":35588,"date":"2025-06-16T17:56:04","date_gmt":"2025-06-16T14:56:04","guid":{"rendered":"https:\/\/www.egemtv.com\/?p=35588"},"modified":"2025-06-16T17:56:09","modified_gmt":"2025-06-16T14:56:09","slug":"merkezefendide-elektrikli-araclar-icin-yeni-donem-basladi","status":"publish","type":"post","link":"https:\/\/www.egemtv.com\/?p=35588","title":{"rendered":"Merkezefendi\u2019de elektrikli ara\u00e7lar i\u00e7in yeni d\u00f6nem ba\u015flad\u0131"},"content":{"rendered":"<p>Merkezefendi Belediyesi taraf\u0131ndan elektrikli ara\u00e7lar i\u00e7in \u2018\u015earj \u0130stasyonlar\u0131\u2019 projesi hayata ge\u00e7irildi.<\/p>\n<p>S\u00fcrd\u00fcr\u00fclebilir bir ya\u015fam i\u00e7in il\u00e7eyi gelece\u011fe ta\u015f\u0131ma \u00e7al\u0131\u015fmalar\u0131na devam eden Merkezefendi Belediyesi, enerji ihtiyac\u0131na y\u00f6nelik \u00e7evre dostu ve yenilik\u00e7i \u00e7\u00f6z\u00fcmler sunma hedefiyle 5 farkl\u0131 noktada elektrikli ara\u00e7 \u015farj istasyonlar\u0131n\u0131n kurulumunu ger\u00e7ekle\u015ftirdi. Kurulan bu istasyonlar, farkl\u0131 marka ve modellerle uyumlu, h\u0131zl\u0131 \u015farj kapasitesine sahip ve ak\u0131ll\u0131 sistemlerle entegre olup hem \u00e7evreci hem de gelece\u011fe uygun olarak il\u00e7ede bulunan vatanda\u015flara hizmet verecek.<\/p>\n<p>Merkezefendi\u2019ye her zaman yenilik\u00e7i bir anlay\u0131\u015f ile hizmet ettiklerini ifade eden Merkezefendi Belediye Ba\u015fkan\u0131 \u015eeniz Do\u011fan, &#8220;D\u00fcnyan\u0131n de\u011fi\u015fimine biz de ayak uyduruyor, Merkezefendimizi gelece\u011fe ta\u015f\u0131yor, s\u00f6z verdi\u011fimiz bir projeyi daha hayata ge\u00e7iriyoruz. Sokaklar\u0131m\u0131zda, caddelerimizde her ge\u00e7en g\u00fcn daha fazla elektrikli ara\u00e7 g\u00f6r\u00fcyoruz. Biz de bu d\u00f6n\u00fc\u015f\u00fcm\u00fcn fark\u0131nda olarak elektrikli ara\u00e7lar i\u00e7in ilk \u015farj istasyonlar\u0131m\u0131z\u0131 Merkezefendi\u2019mizin 5 ayr\u0131 noktas\u0131na kurduk. Kurdu\u011fumuz bu istasyonlar, farkl\u0131 marka ve modellerle uyumlu, h\u0131zl\u0131 \u015farj kapasitesine sahip ve ak\u0131ll\u0131 sistemlerle entegre olup hem \u00e7evreci hem de gelece\u011fe uygun olarak hizmet verecek. \u0130stasyonlar\u0131m\u0131z\u0131n say\u0131s\u0131n\u0131 art\u0131rmaya, \u00e7evremizi korumaya, daha ya\u015fanabilir bir gelecek i\u00e7in \u00e7al\u0131\u015fmaya devam edece\u011fiz. Merkezefendimiz kendi kendine yetecek, enerjisi t\u00fcm Denizli\u2019yi \u015farj edecek&#8221; dedi.<\/p>\n<p>\u015earj istasyonu kurulan yerler<br \/>\n<br \/>\u015earj istasyon noktalar\u0131; Merkezefendi K\u00fclt\u00fcr Merkezi \u00f6n\u00fc, Sel\u00e7ukbey Spor E\u011fitim Merkezi \u00f6n\u00fc, Adalet Mahallesi Eski Muhtarl\u0131k yan\u0131, K\u0131r\u00e7i\u00e7e\u011fi D\u00fc\u011f\u00fcn Salonu ve Sosyal Tesisler Otopark\u0131 ve Bereketler Toplant\u0131 ve Sergi Salonu Otopark\u0131\u2019nda vatanda\u015flara hizmet veriyor.<br \/><\/p>\n","protected":false},"excerpt":{"rendered":"<p>Merkezefendi Belediyesi taraf\u0131ndan elektrikli ara\u00e7lar i\u00e7in \u2018\u015earj \u0130stasyonlar\u0131\u2019 projesi hayata ge\u00e7irildi. S\u00fcrd\u00fcr\u00fclebilir bir ya\u015fam i\u00e7in il\u00e7eyi gelece\u011fe ta\u015f\u0131ma \u00e7al\u0131\u015fmalar\u0131na devam eden Merkezefendi Belediyesi, enerji ihtiyac\u0131na y\u00f6nelik \u00e7evre dostu ve yenilik\u00e7i \u00e7\u00f6z\u00fcmler sunma hedefiyle 5 farkl\u0131 noktada elektrikli ara\u00e7 \u015farj istasyonlar\u0131n\u0131n kurulumunu ger\u00e7ekle\u015ftirdi. Kurulan bu istasyonlar, farkl\u0131 marka ve modellerle uyumlu, h\u0131zl\u0131 \u015farj kapasitesine sahip ve&#8230;<\/p>\n","protected":false},"author":1,"featured_media":35589,"comment_status":"open","ping_status":"open","sticky":false,"template":"","format":"standard","meta":{"_crdt_document":"","footnotes":""},"categories":[124],"tags":[],"class_list":["post-35588","post","type-post","status-publish","format-standard","has-post-thumbnail","hentry","category-bilim"],"_links":{"self":[{"href":"https:\/\/www.egemtv.com\/index.php?rest_route=\/wp\/v2\/posts\/35588","targetHints":{"allow":["GET"]}}],"collection":[{"href":"https:\/\/www.egemtv.com\/index.php?rest_route=\/wp\/v2\/posts"}],"about":[{"href":"https:\/\/www.egemtv.com\/index.php?rest_route=\/wp\/v2\/types\/post"}],"author":[{"embeddable":true,"href":"https:\/\/www.egemtv.com\/index.php?rest_route=\/wp\/v2\/users\/1"}],"replies":[{"embeddable":true,"href":"https:\/\/www.egemtv.com\/index.php?rest_route=%2Fwp%2Fv2%2Fcomments&post=35588"}],"version-history":[{"count":1,"href":"https:\/\/www.egemtv.com\/index.php?rest_route=\/wp\/v2\/posts\/35588\/revisions"}],"predecessor-version":[{"id":35590,"href":"https:\/\/www.egemtv.com\/index.php?rest_route=\/wp\/v2\/posts\/35588\/revisions\/35590"}],"wp:featuredmedia":[{"embeddable":true,"href":"https:\/\/www.egemtv.com\/index.php?rest_route=\/wp\/v2\/media\/35589"}],"wp:attachment":[{"href":"https:\/\/www.egemtv.com\/index.php?rest_route=%2Fwp%2Fv2%2Fmedia&parent=35588"}],"wp:term":[{"taxonomy":"category","embeddable":true,"href":"https:\/\/www.egemtv.com\/index.php?rest_route=%2Fwp%2Fv2%2Fcategories&post=35588"},{"taxonomy":"post_tag","embeddable":true,"href":"https:\/\/www.egemtv.com\/index.php?rest_route=%2Fwp%2Fv2%2Ftags&post=35588"}],"curies":[{"name":"wp","href":"https:\/\/api.w.org\/{rel}","templated":true}]}}