{"id":35585,"date":"2025-06-16T17:55:58","date_gmt":"2025-06-16T14:55:58","guid":{"rendered":"https:\/\/www.egemtv.com\/?p=35585"},"modified":"2025-06-16T17:56:04","modified_gmt":"2025-06-16T14:56:04","slug":"baskan-cercioglundan-ogrencilere-tatil-hediyesi","status":"publish","type":"post","link":"https:\/\/www.egemtv.com\/?p=35585","title":{"rendered":"Ba\u015fkan \u00c7er\u00e7io\u011flu\u2019ndan \u00f6\u011frencilere tatil hediyesi"},"content":{"rendered":"<p>Ayd\u0131n B\u00fcy\u00fck\u015fehir Belediyesi taraf\u0131ndan yaz tatiline girmeye haz\u0131rlanan \u00e7ocuklar i\u00e7in ger\u00e7ekle\u015ftirilecek olan \u2018Karne \u015eenli\u011fi\u2019 i\u00e7in geri say\u0131m ba\u015flad\u0131.<\/p>\n<p>Ayd\u0131n B\u00fcy\u00fck\u015fehir Belediyesi, 2024-2025 e\u011fitim \u00f6\u011fretim y\u0131l\u0131n\u0131 geride b\u0131rakan \u00e7ocuklar i\u00e7in dopdolu bir Karne \u015eenli\u011fi d\u00fczenliyor. 20-21-22 Haziran tarihlerinde Tekstil Park\u2019ta ger\u00e7ekle\u015ftirilecek \u015fenlik, birbirinden renkli etkinlikleriyle hem \u00e7ocuklara hem de ailelerine unutulmaz anlar ya\u015fatacak. \u00c7ocuklar, birbirinden renkli ve keyifli etkinliklerle yaz tatiline co\u015fkulu bir ba\u015flang\u0131\u00e7 yapacak. Etkinlikler, 19 Haziran Per\u015fembe ak\u015fam\u0131 saat 20.30\u2019da sevilen sanat\u00e7\u0131 Melis Fis konseriyle ba\u015flayacak. Konserin ard\u0131ndan etkinlikler \u00fc\u00e7 g\u00fcn boyunca 17.00-21.30 saatleri aras\u0131nda Tekstil Park i\u00e7erisinde bulunan Fuar Ayd\u0131n alan\u0131nda devam edecek. Karne \u015eenli\u011fi boyunca \u00e7ocuklar, \u015fi\u015fme oyun parkurlar\u0131, survivor ve mini survivor oyun alanlar\u0131, oyun \u00e7ad\u0131rlar\u0131, mini disko ve sahne etkinlikleriyle doyas\u0131ya e\u011flenecek. Ayr\u0131ca y\u00fcz boyama at\u00f6lyesi, sosis balon at\u00f6lyesi, tahta bacak ve maskot g\u00f6sterileri ile akrobat, jongl\u00f6r ve sihirbaz g\u00f6sterileri de \u015fenlikte \u00e7ocuklar ile bulu\u015facak. Etkinlik alan\u0131nda \u00e7ocuklara \u00f6zel pamuk \u015feker ve patlam\u0131\u015f m\u0131s\u0131r ikramlar\u0131 da yap\u0131lacak. Aileler ve \u00e7ocuklar, Karne \u015eenli\u011fi ile yaz tatiline co\u015fkulu bir yapacak.<\/p>\n<p>Ayd\u0131n B\u00fcy\u00fck\u015fehir Belediye Ba\u015fkan\u0131 \u00d6zlem \u00c7er\u00e7io\u011flu, \u00e7ocuklar\u0131n mutlu ve sa\u011fl\u0131kl\u0131 bir yaz ge\u00e7irmesini dileyerek &#8220;Karne \u015eenli\u011fi ile \u00e7ocuklar\u0131m\u0131za hem e\u011flenceli hem de unutamayacaklar\u0131 bir tatil hediyesi verece\u011fiz. T\u00fcm \u00e7ocuklar\u0131m\u0131z\u0131 ve ailelerini bu b\u00fcy\u00fck \u015fenli\u011fe bekliyoruz&#8221; dedi.<br \/><\/p>\n","protected":false},"excerpt":{"rendered":"<p>Ayd\u0131n B\u00fcy\u00fck\u015fehir Belediyesi taraf\u0131ndan yaz tatiline girmeye haz\u0131rlanan \u00e7ocuklar i\u00e7in ger\u00e7ekle\u015ftirilecek olan \u2018Karne \u015eenli\u011fi\u2019 i\u00e7in geri say\u0131m ba\u015flad\u0131. Ayd\u0131n B\u00fcy\u00fck\u015fehir Belediyesi, 2024-2025 e\u011fitim \u00f6\u011fretim y\u0131l\u0131n\u0131 geride b\u0131rakan \u00e7ocuklar i\u00e7in dopdolu bir Karne \u015eenli\u011fi d\u00fczenliyor. 20-21-22 Haziran tarihlerinde Tekstil Park\u2019ta ger\u00e7ekle\u015ftirilecek \u015fenlik, birbirinden renkli etkinlikleriyle hem \u00e7ocuklara hem de ailelerine unutulmaz anlar ya\u015fatacak. \u00c7ocuklar, birbirinden renkli&#8230;<\/p>\n","protected":false},"author":1,"featured_media":35586,"comment_status":"open","ping_status":"open","sticky":false,"template":"","format":"standard","meta":{"_crdt_document":"","footnotes":""},"categories":[1],"tags":[],"class_list":["post-35585","post","type-post","status-publish","format-standard","has-post-thumbnail","hentry","category-guncel"],"_links":{"self":[{"href":"https:\/\/www.egemtv.com\/index.php?rest_route=\/wp\/v2\/posts\/35585","targetHints":{"allow":["GET"]}}],"collection":[{"href":"https:\/\/www.egemtv.com\/index.php?rest_route=\/wp\/v2\/posts"}],"about":[{"href":"https:\/\/www.egemtv.com\/index.php?rest_route=\/wp\/v2\/types\/post"}],"author":[{"embeddable":true,"href":"https:\/\/www.egemtv.com\/index.php?rest_route=\/wp\/v2\/users\/1"}],"replies":[{"embeddable":true,"href":"https:\/\/www.egemtv.com\/index.php?rest_route=%2Fwp%2Fv2%2Fcomments&post=35585"}],"version-history":[{"count":1,"href":"https:\/\/www.egemtv.com\/index.php?rest_route=\/wp\/v2\/posts\/35585\/revisions"}],"predecessor-version":[{"id":35587,"href":"https:\/\/www.egemtv.com\/index.php?rest_route=\/wp\/v2\/posts\/35585\/revisions\/35587"}],"wp:featuredmedia":[{"embeddable":true,"href":"https:\/\/www.egemtv.com\/index.php?rest_route=\/wp\/v2\/media\/35586"}],"wp:attachment":[{"href":"https:\/\/www.egemtv.com\/index.php?rest_route=%2Fwp%2Fv2%2Fmedia&parent=35585"}],"wp:term":[{"taxonomy":"category","embeddable":true,"href":"https:\/\/www.egemtv.com\/index.php?rest_route=%2Fwp%2Fv2%2Fcategories&post=35585"},{"taxonomy":"post_tag","embeddable":true,"href":"https:\/\/www.egemtv.com\/index.php?rest_route=%2Fwp%2Fv2%2Ftags&post=35585"}],"curies":[{"name":"wp","href":"https:\/\/api.w.org\/{rel}","templated":true}]}}