{"id":35582,"date":"2025-06-16T17:55:52","date_gmt":"2025-06-16T14:55:52","guid":{"rendered":"https:\/\/www.egemtv.com\/?p=35582"},"modified":"2025-06-16T17:55:57","modified_gmt":"2025-06-16T14:55:57","slug":"fethiyede-orman-yangini-gonulluleri-ile-toplanti-yapildi","status":"publish","type":"post","link":"https:\/\/www.egemtv.com\/?p=35582","title":{"rendered":"Fethiye\u2019de orman yang\u0131n\u0131 g\u00f6n\u00fcll\u00fcleri ile toplant\u0131 yap\u0131ld\u0131"},"content":{"rendered":"<p>Mu\u011fla Orman B\u00f6lge M\u00fcd\u00fcr\u00fc Mustafa \u00dclk\u00fcd\u00fcr, Fethiye\u2019deki orman yang\u0131n g\u00f6n\u00fcll\u00fcleri ile kahvalt\u0131l\u0131 toplant\u0131 ger\u00e7ekle\u015ftirdi.<\/p>\n<p>Yan\u0131klar \u0130lk M\u00fcdahale Ekip Binas\u0131\u2019nda yap\u0131lan kahvalt\u0131l\u0131 toplant\u0131ya Fethiye\u2019de faaliyet g\u00f6steren ayn\u0131 zamanda orman yang\u0131n g\u00f6n\u00fcll\u00fcs\u00fc olan arama kurtarma ekipleri de kat\u0131ld\u0131. Orman B\u00f6lge M\u00fcd\u00fcr\u00fc Mustafa \u00dclk\u00fcd\u00fcr, B\u00f6lge M\u00fcd\u00fcr Yard\u0131mc\u0131s\u0131 \u00d6zg\u00fcr C\u0131l\u0131z, OYM \u015eube M\u00fcd\u00fcr\u00fc Fedai Erdemli, Fethiye Orman \u0130\u015fletme M\u00fcd\u00fcr\u00fc Hakan Duman ve teknik elemanlar\u0131n da kat\u0131ld\u0131\u011f\u0131 program sonunda AKUT Fethiye ekibi, MAG Fethiye ekibi, Fethiye AFAD G\u00f6n\u00fcll\u00fc Grubu ve Fethiye Motokros ekibinden olu\u015fan yang\u0131n g\u00f6n\u00fcll\u00fcleriyle birlikte helikopter ve araz\u00f6z ekipleri de ziyaret edilip, muhtemel yang\u0131nlara kar\u015f\u0131 m\u00fccadele konusunda yap\u0131lmas\u0131 gerekenler g\u00f6r\u00fc\u015f\u00fcld\u00fc.<\/p>\n<p>Orman B\u00f6lge M\u00fcd\u00fcr\u00fc Mustafa \u00dclk\u00fcd\u00fcr, Mu\u011fla olarak muhtemel yang\u0131nlara kar\u015f\u0131 teyakkuzda olduklar\u0131n\u0131 belirterek, vatanda\u015flar\u0131n bu konuda titiz davranmalar\u0131n\u0131 ve tedbirli olmalar\u0131n\u0131 istedi.<br \/><\/p>\n","protected":false},"excerpt":{"rendered":"<p>Mu\u011fla Orman B\u00f6lge M\u00fcd\u00fcr\u00fc Mustafa \u00dclk\u00fcd\u00fcr, Fethiye\u2019deki orman yang\u0131n g\u00f6n\u00fcll\u00fcleri ile kahvalt\u0131l\u0131 toplant\u0131 ger\u00e7ekle\u015ftirdi. Yan\u0131klar \u0130lk M\u00fcdahale Ekip Binas\u0131\u2019nda yap\u0131lan kahvalt\u0131l\u0131 toplant\u0131ya Fethiye\u2019de faaliyet g\u00f6steren ayn\u0131 zamanda orman yang\u0131n g\u00f6n\u00fcll\u00fcs\u00fc olan arama kurtarma ekipleri de kat\u0131ld\u0131. Orman B\u00f6lge M\u00fcd\u00fcr\u00fc Mustafa \u00dclk\u00fcd\u00fcr, B\u00f6lge M\u00fcd\u00fcr Yard\u0131mc\u0131s\u0131 \u00d6zg\u00fcr C\u0131l\u0131z, OYM \u015eube M\u00fcd\u00fcr\u00fc Fedai Erdemli, Fethiye Orman \u0130\u015fletme M\u00fcd\u00fcr\u00fc&#8230;<\/p>\n","protected":false},"author":1,"featured_media":35583,"comment_status":"open","ping_status":"open","sticky":false,"template":"","format":"standard","meta":{"_crdt_document":"","footnotes":""},"categories":[1],"tags":[],"class_list":["post-35582","post","type-post","status-publish","format-standard","has-post-thumbnail","hentry","category-guncel"],"_links":{"self":[{"href":"https:\/\/www.egemtv.com\/index.php?rest_route=\/wp\/v2\/posts\/35582","targetHints":{"allow":["GET"]}}],"collection":[{"href":"https:\/\/www.egemtv.com\/index.php?rest_route=\/wp\/v2\/posts"}],"about":[{"href":"https:\/\/www.egemtv.com\/index.php?rest_route=\/wp\/v2\/types\/post"}],"author":[{"embeddable":true,"href":"https:\/\/www.egemtv.com\/index.php?rest_route=\/wp\/v2\/users\/1"}],"replies":[{"embeddable":true,"href":"https:\/\/www.egemtv.com\/index.php?rest_route=%2Fwp%2Fv2%2Fcomments&post=35582"}],"version-history":[{"count":1,"href":"https:\/\/www.egemtv.com\/index.php?rest_route=\/wp\/v2\/posts\/35582\/revisions"}],"predecessor-version":[{"id":35584,"href":"https:\/\/www.egemtv.com\/index.php?rest_route=\/wp\/v2\/posts\/35582\/revisions\/35584"}],"wp:featuredmedia":[{"embeddable":true,"href":"https:\/\/www.egemtv.com\/index.php?rest_route=\/wp\/v2\/media\/35583"}],"wp:attachment":[{"href":"https:\/\/www.egemtv.com\/index.php?rest_route=%2Fwp%2Fv2%2Fmedia&parent=35582"}],"wp:term":[{"taxonomy":"category","embeddable":true,"href":"https:\/\/www.egemtv.com\/index.php?rest_route=%2Fwp%2Fv2%2Fcategories&post=35582"},{"taxonomy":"post_tag","embeddable":true,"href":"https:\/\/www.egemtv.com\/index.php?rest_route=%2Fwp%2Fv2%2Ftags&post=35582"}],"curies":[{"name":"wp","href":"https:\/\/api.w.org\/{rel}","templated":true}]}}