{"id":35579,"date":"2025-06-16T17:55:47","date_gmt":"2025-06-16T14:55:47","guid":{"rendered":"https:\/\/www.egemtv.com\/?p=35579"},"modified":"2025-06-16T17:55:52","modified_gmt":"2025-06-16T14:55:52","slug":"izmirde-4-katli-binanin-zemin-katinda-yangin-cikti","status":"publish","type":"post","link":"https:\/\/www.egemtv.com\/?p=35579","title":{"rendered":"\u0130zmir\u2019de 4 katl\u0131 binan\u0131n zemin kat\u0131nda yang\u0131n \u00e7\u0131kt\u0131"},"content":{"rendered":"<p>\u0130zmir\u2019in Bayrakl\u0131 il\u00e7esinde 4 katl\u0131 bir binan\u0131n zemin kat\u0131nda \u00e7\u0131kan yang\u0131n, itfaiye ekiplerince s\u00f6nd\u00fcr\u00fcld\u00fc. Dumandan etkilen 1 ki\u015fi hastaneye kald\u0131r\u0131ld\u0131.<br \/>\n<br \/>Yang\u0131n, saat 16.15 s\u0131ralar\u0131nda Adalet Mahallesi 1645\/7 Sokak\u2019ta bulunan 4 katl\u0131 bir binan\u0131n zemin kat\u0131nda \u00e7\u0131kt\u0131. \u00c7\u0131k\u0131\u015f nedeni belirlenemeyen yang\u0131n k\u0131sa s\u00fcrede b\u00fcy\u00fcyerek t\u00fcm binay\u0131 sard\u0131. Yang\u0131n s\u0131ras\u0131nda i\u00e7eride bulunan mutfak t\u00fcplerinin patlamas\u0131yla \u00e7evrede panik ya\u015fand\u0131. Dumanlar\u0131 fark eden \u00e7evre sakinleri, \u00fc\u00e7\u00fcnc\u00fc katta mahsur kalan gen\u00e7 bir k\u0131z\u0131 alevlerin aras\u0131ndan \u00e7\u0131kararak kurtard\u0131. Olay\u0131n ard\u0131ndan b\u00f6lgeye \u00e7ok say\u0131da itfaiye, sa\u011fl\u0131k ve polis ekibi sevk edildi. \u0130tfaiye ekiplerinin m\u00fcdahalesiyle yang\u0131n kontrol alt\u0131na al\u0131narak s\u00f6nd\u00fcr\u00fcld\u00fc. Yang\u0131nda can kayb\u0131 ya\u015fanmazken binada b\u00fcy\u00fck \u00e7apta maddi hasar meydana geldi. Alevlerin aras\u0131ndan kurtar\u0131lan gen\u00e7 k\u0131z, tedbir ama\u00e7l\u0131 ambulansla hastaneye kald\u0131r\u0131l\u0131rken olayla ilgili inceleme ba\u015flat\u0131ld\u0131.<br \/>\n<br \/>Yang\u0131n s\u0131ras\u0131nda d\u0131\u015far\u0131da olan ev sahibi G\u00fclten Aslan (45) evinde yang\u0131na sebep herhangi bir \u015feyin olmad\u0131\u011f\u0131n\u0131 ifade etti.<br \/>\n<br \/>Yang\u0131n\u0131 \u00f6\u011frenir \u00f6\u011frenmez b\u00f6lgeye geldi\u011fini belirten Adalet Mahallesi Muhtar\u0131 Zelal Ayg\u00fcn, \u2019\u2019\u0130lk dumanlar\u0131 g\u00f6r\u00fcnce ko\u015farak geldik. Gelirken itfaiye ekiplerine de haber verdik. \u0130ki t\u00fcp\u00fcm\u00fcz patlad\u0131. Allah\u2019tan yukar\u0131da vatanda\u015f\u0131m\u0131z yoktu. Bir k\u00f6pe\u011fimiz vard\u0131, o ko\u015ftu gitti zaten. \u015eu an bir kayb\u0131m\u0131z yok ama maddi zarar\u0131m\u0131z \u00e7ok&#8221; dedi.<br \/>\n<br \/>\u00c7\u0131kan yang\u0131nda mahsur kalan gen\u00e7 k\u0131z\u0131 kurtaran vatanda\u015f Volkan Kasap, &#8220;Arabay\u0131 park ettim, arabadan indim. E\u015fim, \u2019Duman \u00e7\u0131k\u0131yor\u2019 dedi. Ben de \u2019Yang\u0131n var, yang\u0131n var\u2019 diye ba\u011f\u0131rmaya ba\u015flad\u0131m. Arka tarafta H\u00fcseyin diye bir arkada\u015f\u0131m\u0131z var, o geldi. Onunla beraber yukar\u0131 \u00e7\u0131kt\u0131k, kap\u0131lar\u0131 k\u0131ra k\u0131ra i\u00e7eride kimse var m\u0131 diye bakt\u0131k. Orta katta bir gen\u00e7 k\u0131z\u0131m\u0131z vard\u0131, onu ald\u0131k. \u0130ner inmez patlamalar ba\u015flad\u0131&#8221; ifadelerini kulland\u0131.<br \/><\/p>\n","protected":false},"excerpt":{"rendered":"<p>\u0130zmir\u2019in Bayrakl\u0131 il\u00e7esinde 4 katl\u0131 bir binan\u0131n zemin kat\u0131nda \u00e7\u0131kan yang\u0131n, itfaiye ekiplerince s\u00f6nd\u00fcr\u00fcld\u00fc. Dumandan etkilen 1 ki\u015fi hastaneye kald\u0131r\u0131ld\u0131. Yang\u0131n, saat 16.15 s\u0131ralar\u0131nda Adalet Mahallesi 1645\/7 Sokak\u2019ta bulunan 4 katl\u0131 bir binan\u0131n zemin kat\u0131nda \u00e7\u0131kt\u0131. \u00c7\u0131k\u0131\u015f nedeni belirlenemeyen yang\u0131n k\u0131sa s\u00fcrede b\u00fcy\u00fcyerek t\u00fcm binay\u0131 sard\u0131. Yang\u0131n s\u0131ras\u0131nda i\u00e7eride bulunan mutfak t\u00fcplerinin patlamas\u0131yla \u00e7evrede panik&#8230;<\/p>\n","protected":false},"author":1,"featured_media":35580,"comment_status":"open","ping_status":"open","sticky":false,"template":"","format":"standard","meta":{"_crdt_document":"","footnotes":""},"categories":[5],"tags":[],"class_list":["post-35579","post","type-post","status-publish","format-standard","has-post-thumbnail","hentry","category-asayis"],"_links":{"self":[{"href":"https:\/\/www.egemtv.com\/index.php?rest_route=\/wp\/v2\/posts\/35579","targetHints":{"allow":["GET"]}}],"collection":[{"href":"https:\/\/www.egemtv.com\/index.php?rest_route=\/wp\/v2\/posts"}],"about":[{"href":"https:\/\/www.egemtv.com\/index.php?rest_route=\/wp\/v2\/types\/post"}],"author":[{"embeddable":true,"href":"https:\/\/www.egemtv.com\/index.php?rest_route=\/wp\/v2\/users\/1"}],"replies":[{"embeddable":true,"href":"https:\/\/www.egemtv.com\/index.php?rest_route=%2Fwp%2Fv2%2Fcomments&post=35579"}],"version-history":[{"count":1,"href":"https:\/\/www.egemtv.com\/index.php?rest_route=\/wp\/v2\/posts\/35579\/revisions"}],"predecessor-version":[{"id":35581,"href":"https:\/\/www.egemtv.com\/index.php?rest_route=\/wp\/v2\/posts\/35579\/revisions\/35581"}],"wp:featuredmedia":[{"embeddable":true,"href":"https:\/\/www.egemtv.com\/index.php?rest_route=\/wp\/v2\/media\/35580"}],"wp:attachment":[{"href":"https:\/\/www.egemtv.com\/index.php?rest_route=%2Fwp%2Fv2%2Fmedia&parent=35579"}],"wp:term":[{"taxonomy":"category","embeddable":true,"href":"https:\/\/www.egemtv.com\/index.php?rest_route=%2Fwp%2Fv2%2Fcategories&post=35579"},{"taxonomy":"post_tag","embeddable":true,"href":"https:\/\/www.egemtv.com\/index.php?rest_route=%2Fwp%2Fv2%2Ftags&post=35579"}],"curies":[{"name":"wp","href":"https:\/\/api.w.org\/{rel}","templated":true}]}}