{"id":35576,"date":"2025-06-16T17:16:17","date_gmt":"2025-06-16T14:16:17","guid":{"rendered":"https:\/\/www.egemtv.com\/?p=35576"},"modified":"2025-06-16T17:16:20","modified_gmt":"2025-06-16T14:16:20","slug":"soke-belediyesi-yaz-okulu-kayitlarina-ilk-gunden-yogun-ilgi","status":"publish","type":"post","link":"https:\/\/www.egemtv.com\/?p=35576","title":{"rendered":"S\u00f6ke Belediyesi Yaz Okulu kay\u0131tlar\u0131na ilk g\u00fcnden yo\u011fun ilgi"},"content":{"rendered":"<p>S\u00f6ke Belediyesi taraf\u0131ndan, S\u00f6ke Halk E\u011fitim Merkezi i\u015f birli\u011fiyle d\u00fczenlenecek Yaz Okulu kurslar\u0131 i\u00e7in kay\u0131tlar ba\u015flad\u0131. 7-14 ya\u015f aras\u0131 \u00e7ocuklara y\u00f6nelik \u00fccretsiz olarak d\u00fczenlenecek kurslar, daha ilk g\u00fcnden yo\u011fun ilgiyle kar\u015f\u0131la\u015ft\u0131.<\/p>\n<p>Kay\u0131t i\u015flemleri, S\u00f6ke Belediyesi Bedesten Kurs Merkezi\u2019nde yap\u0131l\u0131rken, ba\u015fvurular 27 Haziran 2025 tarihine kadar devam edecek. S\u00f6ke Belediyesi K\u00fclt\u00fcr M\u00fcd\u00fcrl\u00fc\u011f\u00fc kurslar\u0131n kontenjanla s\u0131n\u0131rl\u0131 oldu\u011funu belirterek, vatanda\u015flar\u0131 erken kay\u0131t konusunda uyard\u0131.<\/p>\n<p>S\u00f6ke Belediye Ba\u015fkan\u0131 Dr. Mustafa \u0130berya Ar\u0131kan\u2019\u0131n \u00e7ocuklara hediyesi olan bu g\u00fczel yaz etkinli\u011finde kat\u0131l\u0131mc\u0131 olacak \u00e7ocuklar yaz tatilini verimli ve e\u011flenceli ge\u00e7irecek. A\u00e7\u0131lacak kurslarla \u00e7ocuklar\u0131n hem e\u011fitimlerine katk\u0131 sa\u011flamak, hem de sosyal geli\u015fimlerine destek olmak hedefleniyor.<br \/><\/p>\n","protected":false},"excerpt":{"rendered":"<p>S\u00f6ke Belediyesi taraf\u0131ndan, S\u00f6ke Halk E\u011fitim Merkezi i\u015f birli\u011fiyle d\u00fczenlenecek Yaz Okulu kurslar\u0131 i\u00e7in kay\u0131tlar ba\u015flad\u0131. 7-14 ya\u015f aras\u0131 \u00e7ocuklara y\u00f6nelik \u00fccretsiz olarak d\u00fczenlenecek kurslar, daha ilk g\u00fcnden yo\u011fun ilgiyle kar\u015f\u0131la\u015ft\u0131. Kay\u0131t i\u015flemleri, S\u00f6ke Belediyesi Bedesten Kurs Merkezi\u2019nde yap\u0131l\u0131rken, ba\u015fvurular 27 Haziran 2025 tarihine kadar devam edecek. S\u00f6ke Belediyesi K\u00fclt\u00fcr M\u00fcd\u00fcrl\u00fc\u011f\u00fc kurslar\u0131n kontenjanla s\u0131n\u0131rl\u0131 oldu\u011funu&#8230;<\/p>\n","protected":false},"author":1,"featured_media":35577,"comment_status":"open","ping_status":"open","sticky":false,"template":"","format":"standard","meta":{"_crdt_document":"","footnotes":""},"categories":[1],"tags":[],"class_list":["post-35576","post","type-post","status-publish","format-standard","has-post-thumbnail","hentry","category-guncel"],"_links":{"self":[{"href":"https:\/\/www.egemtv.com\/index.php?rest_route=\/wp\/v2\/posts\/35576","targetHints":{"allow":["GET"]}}],"collection":[{"href":"https:\/\/www.egemtv.com\/index.php?rest_route=\/wp\/v2\/posts"}],"about":[{"href":"https:\/\/www.egemtv.com\/index.php?rest_route=\/wp\/v2\/types\/post"}],"author":[{"embeddable":true,"href":"https:\/\/www.egemtv.com\/index.php?rest_route=\/wp\/v2\/users\/1"}],"replies":[{"embeddable":true,"href":"https:\/\/www.egemtv.com\/index.php?rest_route=%2Fwp%2Fv2%2Fcomments&post=35576"}],"version-history":[{"count":1,"href":"https:\/\/www.egemtv.com\/index.php?rest_route=\/wp\/v2\/posts\/35576\/revisions"}],"predecessor-version":[{"id":35578,"href":"https:\/\/www.egemtv.com\/index.php?rest_route=\/wp\/v2\/posts\/35576\/revisions\/35578"}],"wp:featuredmedia":[{"embeddable":true,"href":"https:\/\/www.egemtv.com\/index.php?rest_route=\/wp\/v2\/media\/35577"}],"wp:attachment":[{"href":"https:\/\/www.egemtv.com\/index.php?rest_route=%2Fwp%2Fv2%2Fmedia&parent=35576"}],"wp:term":[{"taxonomy":"category","embeddable":true,"href":"https:\/\/www.egemtv.com\/index.php?rest_route=%2Fwp%2Fv2%2Fcategories&post=35576"},{"taxonomy":"post_tag","embeddable":true,"href":"https:\/\/www.egemtv.com\/index.php?rest_route=%2Fwp%2Fv2%2Ftags&post=35576"}],"curies":[{"name":"wp","href":"https:\/\/api.w.org\/{rel}","templated":true}]}}