{"id":35573,"date":"2025-06-16T16:56:51","date_gmt":"2025-06-16T13:56:51","guid":{"rendered":"https:\/\/www.egemtv.com\/?p=35573"},"modified":"2025-06-16T16:56:55","modified_gmt":"2025-06-16T13:56:55","slug":"sokede-levent-tuncel-ve-ferdi-zeyrek-hayrina-lokma-dokuldu","status":"publish","type":"post","link":"https:\/\/www.egemtv.com\/?p=35573","title":{"rendered":"S\u00f6ke\u2019de Levent Tuncel ve Ferdi Zeyrek hayr\u0131na lokma d\u00f6k\u00fcld\u00fc"},"content":{"rendered":"<p>S\u00f6ke Belediyesi taraf\u0131ndan, g\u00f6revleri ba\u015f\u0131ndayken hayat\u0131n\u0131 kaybeden S\u00f6ke Belediye Ba\u015fkan\u0131 Levent Tuncel ve Manisa B\u00fcy\u00fck\u015fehir Belediye Ba\u015fkan\u0131 Ferdi Zeyrek i\u00e7in lokma hayr\u0131 ger\u00e7ekle\u015ftirildi.<\/p>\n<p>Belediye Meydan\u0131\u2019nda d\u00fczenlenen lokma hayr\u0131nda S\u00f6ke Belediye Ba\u015fkan\u0131 Dr. Mustafa \u0130berya Ar\u0131kan vatanda\u015flarla bir araya gelerek lokma ikram\u0131nda bulundu. Lokma hayr\u0131na S\u00f6ke Belediye Meclis \u00dcyeleri ve belediye b\u00fcrokratlar\u0131, Esnaf Oda Ba\u015fkanlar\u0131n\u0131n yan\u0131 s\u0131ra \u00e7ok say\u0131da vatanda\u015f ilgi g\u00f6sterdi.<\/p>\n<p>Merhum belediye ba\u015fkanlar\u0131 bir kez daha rahmetle an\u0131l\u0131rken S\u00f6ke Belediye Ba\u015fkan\u0131 Dr. Mustafa \u0130berya Ar\u0131kan, &#8220;G\u00f6revleri ba\u015f\u0131nda hayat\u0131n\u0131 kaybeden Levent Tuncel Ba\u015fkan\u0131m\u0131za ve Ferdi Zeyrek Ba\u015fkan\u0131m\u0131za Allah\u2019tan rahmet diliyorum. T\u00fcm S\u00f6ke ve Manisa halk\u0131n\u0131n ba\u015f\u0131 sa\u011f olsun. Ferdi Ba\u015fkan\u0131m\u0131z\u0131n ac\u0131s\u0131 hen\u00fcz \u00e7ok taze, Levent Ba\u015fkan\u0131m\u0131z\u0131 da iki y\u0131l \u00f6nce kaybetmi\u015ftik. Ferdi Ba\u015fkan\u2019\u0131n Belediye ba\u015fkanl\u0131\u011f\u0131m s\u00fcresince b\u00fcy\u00fck eme\u011fi oldu. Manisa savc\u0131l\u0131k d\u00f6nemimden beri tan\u0131r\u0131m kendisini. \u00c7ok g\u00fczel, al\u00e7akg\u00f6n\u00fcll\u00fc ve halk\u0131n i\u00e7inde bir insand\u0131. Ancak ne yaz\u0131k ki \u00e7ok gen\u00e7 ya\u015fta aram\u0131zdan ayr\u0131ld\u0131. Manisa, g\u00fczel bir evlad\u0131n\u0131 kaybetti. Bize d\u00fc\u015fen onlar\u0131n b\u0131rakt\u0131\u011f\u0131 bayra\u011f\u0131 daha ileriye ta\u015f\u0131mak. Bir kez daha iki ba\u015fkan\u0131m\u0131za da Allah\u2019tan rahmet, geride kalanlara sab\u0131r diliyorum. Onlar\u0131 hi\u00e7 unutmayaca\u011f\u0131z &#8221; dedi.<br \/><\/p>\n","protected":false},"excerpt":{"rendered":"<p>S\u00f6ke Belediyesi taraf\u0131ndan, g\u00f6revleri ba\u015f\u0131ndayken hayat\u0131n\u0131 kaybeden S\u00f6ke Belediye Ba\u015fkan\u0131 Levent Tuncel ve Manisa B\u00fcy\u00fck\u015fehir Belediye Ba\u015fkan\u0131 Ferdi Zeyrek i\u00e7in lokma hayr\u0131 ger\u00e7ekle\u015ftirildi. Belediye Meydan\u0131\u2019nda d\u00fczenlenen lokma hayr\u0131nda S\u00f6ke Belediye Ba\u015fkan\u0131 Dr. Mustafa \u0130berya Ar\u0131kan vatanda\u015flarla bir araya gelerek lokma ikram\u0131nda bulundu. Lokma hayr\u0131na S\u00f6ke Belediye Meclis \u00dcyeleri ve belediye b\u00fcrokratlar\u0131, Esnaf Oda Ba\u015fkanlar\u0131n\u0131n yan\u0131&#8230;<\/p>\n","protected":false},"author":1,"featured_media":35574,"comment_status":"open","ping_status":"open","sticky":false,"template":"","format":"standard","meta":{"_crdt_document":"","footnotes":""},"categories":[1],"tags":[],"class_list":["post-35573","post","type-post","status-publish","format-standard","has-post-thumbnail","hentry","category-guncel"],"_links":{"self":[{"href":"https:\/\/www.egemtv.com\/index.php?rest_route=\/wp\/v2\/posts\/35573","targetHints":{"allow":["GET"]}}],"collection":[{"href":"https:\/\/www.egemtv.com\/index.php?rest_route=\/wp\/v2\/posts"}],"about":[{"href":"https:\/\/www.egemtv.com\/index.php?rest_route=\/wp\/v2\/types\/post"}],"author":[{"embeddable":true,"href":"https:\/\/www.egemtv.com\/index.php?rest_route=\/wp\/v2\/users\/1"}],"replies":[{"embeddable":true,"href":"https:\/\/www.egemtv.com\/index.php?rest_route=%2Fwp%2Fv2%2Fcomments&post=35573"}],"version-history":[{"count":1,"href":"https:\/\/www.egemtv.com\/index.php?rest_route=\/wp\/v2\/posts\/35573\/revisions"}],"predecessor-version":[{"id":35575,"href":"https:\/\/www.egemtv.com\/index.php?rest_route=\/wp\/v2\/posts\/35573\/revisions\/35575"}],"wp:featuredmedia":[{"embeddable":true,"href":"https:\/\/www.egemtv.com\/index.php?rest_route=\/wp\/v2\/media\/35574"}],"wp:attachment":[{"href":"https:\/\/www.egemtv.com\/index.php?rest_route=%2Fwp%2Fv2%2Fmedia&parent=35573"}],"wp:term":[{"taxonomy":"category","embeddable":true,"href":"https:\/\/www.egemtv.com\/index.php?rest_route=%2Fwp%2Fv2%2Fcategories&post=35573"},{"taxonomy":"post_tag","embeddable":true,"href":"https:\/\/www.egemtv.com\/index.php?rest_route=%2Fwp%2Fv2%2Ftags&post=35573"}],"curies":[{"name":"wp","href":"https:\/\/api.w.org\/{rel}","templated":true}]}}