{"id":35570,"date":"2025-06-16T16:38:21","date_gmt":"2025-06-16T13:38:21","guid":{"rendered":"https:\/\/www.egemtv.com\/?p=35570"},"modified":"2025-06-16T16:38:25","modified_gmt":"2025-06-16T13:38:25","slug":"dugun-konvoyunda-acilan-ates-cocugu-yaraladi","status":"publish","type":"post","link":"https:\/\/www.egemtv.com\/?p=35570","title":{"rendered":"D\u00fc\u011f\u00fcn konvoyunda a\u00e7\u0131lan ate\u015f \u00e7ocu\u011fu yaralad\u0131"},"content":{"rendered":"<p>Ayd\u0131n\u2019\u0131n Kuyucak il\u00e7esinde d\u00fc\u011f\u00fcn konvoyundan a\u00e7\u0131lan ate\u015f sonucu, 10 ya\u015f\u0131ndaki bir \u00e7ocuk yaralan\u0131rken, olayla ilgili 2 \u015f\u00fcpheli g\u00f6zalt\u0131na al\u0131nd\u0131.<\/p>\n<p>Olay, Kuyucak il\u00e7esi Karap\u0131nar Mahallesi\u2019nde meydana geldi. Edinilen bilgiye g\u00f6re Buharkent il\u00e7esi Feslek Mahallesi\u2019ne gelin almaya giden d\u00fc\u011f\u00fcn konvoyu, gelini ald\u0131ktan sonra Kuyucak il\u00e7esi Karap\u0131nar Mahallesi\u2019ne geri d\u00f6nd\u00fc\u011f\u00fc esnada, 2 ki\u015fi havaya ate\u015f a\u00e7t\u0131. A\u00e7\u0131lan ate\u015f sonucunda mermi, o s\u0131rada konvoyu izleyen 10 ya\u015f\u0131ndaki Y.K. isimli \u00e7ocu\u011fun koluna isabet etti. Bir anda kanlar i\u00e7inde kalan \u00e7ocu\u011fun ailesi sinir krizi ge\u00e7irerek fenala\u015f\u0131rken, ate\u015f a\u00e7an \u015fah\u0131slar ile mahalleli aras\u0131nda tart\u0131\u015fma \u00e7\u0131kt\u0131. Yap\u0131lan ihbar \u00fczerin b\u00f6lgeye jandarma ve sa\u011fl\u0131k ekipleri sevk edildi. K\u0131sa s\u00fcrede olay yerine gelen sa\u011fl\u0131k ekipleri, ilk m\u00fcdahalenin ard\u0131ndan yaralanan \u00e7ocu\u011fu Nazilli Devlet Hastanesi\u2019ne kald\u0131rd\u0131. Tedavi alt\u0131na al\u0131nan \u00e7ocu\u011fun hayati tehlikesinin bulunmad\u0131\u011f\u0131 \u00f6\u011frenilirken, jandarma ekipleri mahallede geni\u015f \u00e7apl\u0131 g\u00fcvenlik \u00f6nlemi ald\u0131. Havaya ate\u015f a\u00e7an 2 \u015f\u00fcphelinin g\u00f6zalt\u0131na al\u0131nd\u0131\u011f\u0131 olay sonras\u0131nda, k\u00f6ye giri\u015f \u00e7\u0131k\u0131\u015flar\u0131n bir s\u00fcre kapat\u0131ld\u0131\u011f\u0131 \u00f6\u011frenildi. Olayla ilgili inceleme s\u00fcr\u00fcyor.<br \/><\/p>\n","protected":false},"excerpt":{"rendered":"<p>Ayd\u0131n\u2019\u0131n Kuyucak il\u00e7esinde d\u00fc\u011f\u00fcn konvoyundan a\u00e7\u0131lan ate\u015f sonucu, 10 ya\u015f\u0131ndaki bir \u00e7ocuk yaralan\u0131rken, olayla ilgili 2 \u015f\u00fcpheli g\u00f6zalt\u0131na al\u0131nd\u0131. Olay, Kuyucak il\u00e7esi Karap\u0131nar Mahallesi\u2019nde meydana geldi. Edinilen bilgiye g\u00f6re Buharkent il\u00e7esi Feslek Mahallesi\u2019ne gelin almaya giden d\u00fc\u011f\u00fcn konvoyu, gelini ald\u0131ktan sonra Kuyucak il\u00e7esi Karap\u0131nar Mahallesi\u2019ne geri d\u00f6nd\u00fc\u011f\u00fc esnada, 2 ki\u015fi havaya ate\u015f a\u00e7t\u0131. A\u00e7\u0131lan ate\u015f&#8230;<\/p>\n","protected":false},"author":1,"featured_media":35571,"comment_status":"open","ping_status":"open","sticky":false,"template":"","format":"standard","meta":{"_crdt_document":"","footnotes":""},"categories":[5],"tags":[],"class_list":["post-35570","post","type-post","status-publish","format-standard","has-post-thumbnail","hentry","category-asayis"],"_links":{"self":[{"href":"https:\/\/www.egemtv.com\/index.php?rest_route=\/wp\/v2\/posts\/35570","targetHints":{"allow":["GET"]}}],"collection":[{"href":"https:\/\/www.egemtv.com\/index.php?rest_route=\/wp\/v2\/posts"}],"about":[{"href":"https:\/\/www.egemtv.com\/index.php?rest_route=\/wp\/v2\/types\/post"}],"author":[{"embeddable":true,"href":"https:\/\/www.egemtv.com\/index.php?rest_route=\/wp\/v2\/users\/1"}],"replies":[{"embeddable":true,"href":"https:\/\/www.egemtv.com\/index.php?rest_route=%2Fwp%2Fv2%2Fcomments&post=35570"}],"version-history":[{"count":1,"href":"https:\/\/www.egemtv.com\/index.php?rest_route=\/wp\/v2\/posts\/35570\/revisions"}],"predecessor-version":[{"id":35572,"href":"https:\/\/www.egemtv.com\/index.php?rest_route=\/wp\/v2\/posts\/35570\/revisions\/35572"}],"wp:featuredmedia":[{"embeddable":true,"href":"https:\/\/www.egemtv.com\/index.php?rest_route=\/wp\/v2\/media\/35571"}],"wp:attachment":[{"href":"https:\/\/www.egemtv.com\/index.php?rest_route=%2Fwp%2Fv2%2Fmedia&parent=35570"}],"wp:term":[{"taxonomy":"category","embeddable":true,"href":"https:\/\/www.egemtv.com\/index.php?rest_route=%2Fwp%2Fv2%2Fcategories&post=35570"},{"taxonomy":"post_tag","embeddable":true,"href":"https:\/\/www.egemtv.com\/index.php?rest_route=%2Fwp%2Fv2%2Ftags&post=35570"}],"curies":[{"name":"wp","href":"https:\/\/api.w.org\/{rel}","templated":true}]}}