{"id":35567,"date":"2025-06-16T16:16:33","date_gmt":"2025-06-16T13:16:33","guid":{"rendered":"https:\/\/www.egemtv.com\/?p=35567"},"modified":"2025-06-16T16:16:37","modified_gmt":"2025-06-16T13:16:37","slug":"manisa-buyuksehir-belediyesinin-yeni-baskani-besim-dutlulu-oldu","status":"publish","type":"post","link":"https:\/\/www.egemtv.com\/?p=35567","title":{"rendered":"Manisa B\u00fcy\u00fck\u015fehir Belediyesi\u2019nin yeni Ba\u015fkan\u0131 Besim Dutlulu oldu"},"content":{"rendered":"<p>Manisa B\u00fcy\u00fck\u015fehir Belediye Meclisi, ge\u00e7ti\u011fimiz g\u00fcnlerde hayat\u0131n\u0131 kaybeden CHP\u2019li Ba\u015fkan Ferdi Zeyrek\u2019in yerine yeni belediye ba\u015fkan\u0131n\u0131 se\u00e7ti. CHP\u2019nin aday\u0131 Akhisar Belediye Ba\u015fkan\u0131 Besim Dutlulu yap\u0131lan gizli oylama ile Manisa\u2019n\u0131n yeni B\u00fcy\u00fck\u015fehir Belediye Ba\u015fkan\u0131 oldu.<br \/>\n<br \/>Kurban Bayram\u0131n\u0131n ilk g\u00fcn\u00fc 6 Haziran ak\u015fam saatlerinde evindeki havuzun makine k\u0131sm\u0131nda elektrik ak\u0131m\u0131na kap\u0131larak a\u011f\u0131r yaralanan ve 3 g\u00fcn boyunca tedavi g\u00f6rd\u00fc\u011f\u00fc Manisa Celal Bayar \u00dcniversitesi Hafsa Sultan Hastanesinde 9 Haziran\u2019da hayat\u0131n\u0131 kaybeden ve 10 Haziran\u2019da binlerce Manisal\u0131 taraf\u0131ndan ebediyete u\u011furlanan merhum Ferdi Zeyrek\u2019in yerine Manisa B\u00fcy\u00fck\u015fehir Belediye Meclisi gizli oylama ile yeni ba\u015fkan\u0131n\u0131 se\u00e7ti.<br \/>\n<br \/>Yoklama ile meclis toplant\u0131s\u0131n\u0131 a\u00e7an Manisa B\u00fcy\u00fck\u015fehir Belediye Ba\u015fkan Vekili Ahmet An\u0131l Ceylan, &#8220;Bir meslekta\u015f\u0131m\u0131 her \u015feyden \u00f6nemlisi \u00e7ok iyi bir dostumu kaybettim ve onun bana verdi\u011fi g\u00f6revle bug\u00fcn en zor vazifemi yapaca\u011f\u0131m. Onun Manisa i\u00e7in kurdu\u011fu hayalleri bir bir yerine getirmek i\u00e7in hep beraber \u00e7al\u0131\u015faca\u011f\u0131m\u0131zdan \u015f\u00fcphem yok. Zor bir meclis olacak hepimiz i\u00e7in ama kanun gere\u011fi bunun bug\u00fcn yap\u0131lmas\u0131 gerekiyordu&#8221; diye konu\u015ftu.<br \/>\n<br \/>Yoklama sonras\u0131 yeni ba\u015fkan\u0131n se\u00e7ilmesi i\u00e7in CHP grubu Akhisar Belediye Ba\u015fkan\u0131 Besim Dutlulu\u2019yu aday g\u00f6sterirken, AK Parti grubu aday \u00e7\u0131karmayacaklar\u0131n\u0131 belirtti. MHP grubu da aday \u00e7\u0131karmayaca\u011f\u0131n\u0131 a\u00e7\u0131klamas\u0131n\u0131n ard\u0131ndan gizli oylamayla Manisa B\u00fcy\u00fck\u015fehir Belediye Ba\u015fkan\u0131 Besim Dutlulu oldu.<br \/>\n<br \/>Belediye ba\u015fkanlar\u0131n\u0131n do\u011fal \u00fcye oldu\u011fu 88 koltuklu B\u00fcy\u00fck\u015fehir Belediye Meclisinde Ferdi Zeyrek\u2019in vefat\u0131ndan dolay\u0131 CHP\u2019nin 60, AK Parti\u2019nin 15, MHP\u2019nin 11 ve \u0130Y\u0130 Parti\u2019nin 1 \u00fcyesi bulunuyordu. Yap\u0131lan gizli oylama sonucu Besim Dutlulu 85 oy al\u0131rken 2 oy da bo\u015f \u00e7\u0131kt\u0131. Ba\u015fkan Dutlulu yapt\u0131\u011f\u0131 konu\u015fmada, &#8220;\u00d6ncelikle \u00e7ok zor bir hafta ge\u00e7irdik hepimiz ve hepimiz \u00e7ok \u00fcz\u00fcnt\u00fcl\u00fcy\u00fcz. \u00c7ok etkilendik hem iyi bir insan\u0131 hem bir yol arkada\u015f\u0131n\u0131 hem \u00e7ok b\u00fcy\u00fck ve \u00e7ok ba\u015far\u0131l\u0131 daha da g\u00fczel i\u015fler yapacak olan bir belediye ba\u015fkan\u0131n\u0131 kaybettik. Ge\u00e7ti\u011fimiz hafta per\u015fembe g\u00fcn\u00fc genel ba\u015fkan\u0131m\u0131z\u0131n kat\u0131l\u0131m\u0131yla bir toplant\u0131 yapt\u0131k orada b\u00fct\u00fcn belediye ba\u015fkanlar\u0131n\u0131n hepsine te\u015fekk\u00fcr ediyorum. Bu tip g\u00f6revlere talip olunmaz b\u00f6yle bir g\u00f6rev istenmez b\u00f6yle bir g\u00f6revi hi\u00e7bir belediye ba\u015fkan\u0131 kolay kolay yapmak istemez ama ne yaz\u0131k ki hayat\u0131n da ger\u00e7ekleri var. Birimiz belediye ba\u015fkan\u0131 olarak devam edecekti. Biz genel ba\u015fkan\u0131m\u0131za \u015funu s\u00f6yledik isterseniz dedik meclis \u00fcyesi isterseniz bir belediye ba\u015fkan\u0131m\u0131z kim olursa bir \u015fekilde bu g\u00f6revi kabul edecek ve devam edecek buna biz bir \u015fey s\u00f6yleyemeyiz ve genel ba\u015fkan\u0131m\u0131z da bunu olumlu kar\u015f\u0131lad\u0131. O g\u00fcnden beri de gene belediye ba\u015fkanlar\u0131na \u00e7ok te\u015fekk\u00fcr ediyorum. Kimse hi\u00e7bir \u015fekilde ne kulis yapt\u0131 ne bir haber yapt\u0131rd\u0131 tamamen i\u015fimize yo\u011funla\u015ft\u0131k yas\u0131m\u0131z\u0131 tuttuk. B\u00fcy\u00fck\u015fehir Belediye ba\u015fkan\u0131m\u0131z\u0131n bir hayali vard\u0131. Onun kadar ba\u015far\u0131l\u0131 belediye ba\u015fkan\u0131 olmak onun kadar sevilmek \u00e7ok zor. \u00d6yle bir iddiam\u0131z da yok ama bundan sonra bu bir bayrak yar\u0131\u015f\u0131d\u0131r. Bu bayra\u011f\u0131 ta\u015f\u0131yaca\u011f\u0131z. O her c\u00fcmlesinde her zaman Manisa derdi. Manisa\u2019n\u0131n 17 il\u00e7esinden bahsederdi. Soma ile ilgili G\u00f6rdes\u2019le ilgili Kula\u2019yla ilgili K\u0131rka\u011fa\u00e7 ile ilgili Salihli\u2019de Turgutlu ile ilgili \u015eehzadeler ile Yunusemre ile ilgili hayallerini anlat\u0131rd\u0131. Daha g\u00fczel Manisa hayali vard\u0131. O hayallerini ger\u00e7ekle\u015ftirebilmek i\u00e7in bir ad\u0131m atabilirsek bizim i\u00e7in ne mutlu. Genel ba\u015fkan\u0131m\u0131z \u00fc\u00e7 \u015feyden bahsetti. Kendisi Manisa\u2019ya sahip \u00e7\u0131kacak yeni belediye ba\u015fkan\u0131 olacak elimizden geldi\u011fince Manisa i\u00e7in \u00e7al\u0131\u015faca\u011f\u0131z o konuda hi\u00e7bir soru i\u015fareti olmas\u0131n ve ben eminim buradaki t\u00fcm belediye ba\u015fkanlar\u0131n\u0131, meclis \u00fcyelerimiz bu konuda bizlere de destek olacak ve hep birlikte ayn\u0131 onun misyonuyla di\u011fer siyasi partileri de ay\u0131rt etmeden siyaset \u00fcst\u00fc misyonla Manisa\u2019ya hizmet edece\u011fiz hep beraber. Manisa ve ailesi ona emanet olacak dendi. Bundan da kimsenin \u015f\u00fcphesi olmas\u0131n. De\u011ferli ba\u015fkan\u0131m\u0131z\u0131n \u00e7ocuklar\u0131 hepimize emanet, bundan sonra t\u00fcm Manisa\u2019n\u0131n emanetidir Manisa B\u00fcy\u00fck\u015fehir Belediyesi emanettir. Bu konuda da \u00e7ok \u00e7al\u0131\u015faca\u011f\u0131z ve hayalleri i\u00e7in de dedi\u011fim gibi \u00e7ok \u00e7al\u0131\u015faca\u011f\u0131z. Manisa B\u00fcy\u00fck\u015fehir Belediyesi \u00e7al\u0131\u015fanlar\u0131na da \u015funu s\u00f6ylemek istiyorum. Tabii ki yas\u0131m\u0131z\u0131 da tutaca\u011f\u0131z tabii ki \u00fcz\u00fclece\u011fiz \u00e7ok \u00fcz\u00fclece\u011fiz ama onu onore etmek i\u00e7in mutlu etmek i\u00e7in hepinize \u00e7ok \u00e7al\u0131\u015fmak d\u00fc\u015f\u00fcyor. Onun koydu\u011fu bir sistem var o sistemde devam edece\u011fiz. O sistemle ilgili \u00f6yle k\u00f6kl\u00fc de\u011fi\u015fiklikler yok. Onun \u00fcst\u00fcne bir ad\u0131m daha yapabilirsek ne mutlu. Bir ad\u0131m daha ileriye gidebilirsek o konuda da ben t\u00fcm b\u00fcy\u00fck\u015fehir belediye \u00e7al\u0131\u015fanlar\u0131ndan hem sahadaki emek\u00e7ilerden hem beyaz yakal\u0131 merkezde \u00e7al\u0131\u015fan arkada\u015flardan \u015funu rica ediyorum l\u00fctfen Ferdi Ba\u015fkan\u0131m\u0131z bizi g\u00f6r\u00fcyormu\u015f gibi \u00e7al\u0131\u015fal\u0131m bu bizim i\u00e7in bize d\u00fc\u015fen en b\u00fcy\u00fck g\u00f6revdir. Elimizden geleni yapaca\u011f\u0131z. T\u00fcm siyasi s\u0131fatlardan ba\u015fka kendi Belediye Ba\u015fkanl\u0131\u011f\u0131m olmak \u00fczere hepinizden destek bekliyorum. Umuyorum g\u00fczel \u015feyler yapar\u0131z insanlar\u0131n g\u00f6nl\u00fcne girmeyi ba\u015far\u0131r\u0131z. Bir de bilgi olarak s\u00f6yleyeyim tebrik ziyaretleri, \u00e7i\u00e7ek istemiyorum. Ke\u015fke Ferdi Ba\u015fkan ya\u015f\u0131yor olsayd\u0131 biz Akhisar\u2019da devam ediyor olsayd\u0131k. Ger\u00e7ekten \u00fczg\u00fcn\u00fcz b\u00f6yle bir g\u00f6revi s\u0131rtlanmak da kolay de\u011fil. Ben hepinize te\u015fekk\u00fcr ederim. Manisa\u2019m\u0131za \u0130n\u015fallah bundan sonras\u0131 hay\u0131rl\u0131 olur&#8221; dedi.<br \/>\n<br \/>Ba\u015fkan Dutlulu ba\u015fkanl\u0131\u011f\u0131ndaki ilk meclis toplant\u0131s\u0131n\u0131n da 17 Haziran Sal\u0131 g\u00fcn\u00fc ger\u00e7ekle\u015ftirilece\u011fi a\u00e7\u0131kland\u0131.<br \/><\/p>\n","protected":false},"excerpt":{"rendered":"<p>Manisa B\u00fcy\u00fck\u015fehir Belediye Meclisi, ge\u00e7ti\u011fimiz g\u00fcnlerde hayat\u0131n\u0131 kaybeden CHP\u2019li Ba\u015fkan Ferdi Zeyrek\u2019in yerine yeni belediye ba\u015fkan\u0131n\u0131 se\u00e7ti. CHP\u2019nin aday\u0131 Akhisar Belediye Ba\u015fkan\u0131 Besim Dutlulu yap\u0131lan gizli oylama ile Manisa\u2019n\u0131n yeni B\u00fcy\u00fck\u015fehir Belediye Ba\u015fkan\u0131 oldu. Kurban Bayram\u0131n\u0131n ilk g\u00fcn\u00fc 6 Haziran ak\u015fam saatlerinde evindeki havuzun makine k\u0131sm\u0131nda elektrik ak\u0131m\u0131na kap\u0131larak a\u011f\u0131r yaralanan ve 3 g\u00fcn boyunca&#8230;<\/p>\n","protected":false},"author":1,"featured_media":35568,"comment_status":"open","ping_status":"open","sticky":false,"template":"","format":"standard","meta":{"_crdt_document":"","footnotes":""},"categories":[127],"tags":[],"class_list":["post-35567","post","type-post","status-publish","format-standard","has-post-thumbnail","hentry","category-siyaset"],"_links":{"self":[{"href":"https:\/\/www.egemtv.com\/index.php?rest_route=\/wp\/v2\/posts\/35567","targetHints":{"allow":["GET"]}}],"collection":[{"href":"https:\/\/www.egemtv.com\/index.php?rest_route=\/wp\/v2\/posts"}],"about":[{"href":"https:\/\/www.egemtv.com\/index.php?rest_route=\/wp\/v2\/types\/post"}],"author":[{"embeddable":true,"href":"https:\/\/www.egemtv.com\/index.php?rest_route=\/wp\/v2\/users\/1"}],"replies":[{"embeddable":true,"href":"https:\/\/www.egemtv.com\/index.php?rest_route=%2Fwp%2Fv2%2Fcomments&post=35567"}],"version-history":[{"count":1,"href":"https:\/\/www.egemtv.com\/index.php?rest_route=\/wp\/v2\/posts\/35567\/revisions"}],"predecessor-version":[{"id":35569,"href":"https:\/\/www.egemtv.com\/index.php?rest_route=\/wp\/v2\/posts\/35567\/revisions\/35569"}],"wp:featuredmedia":[{"embeddable":true,"href":"https:\/\/www.egemtv.com\/index.php?rest_route=\/wp\/v2\/media\/35568"}],"wp:attachment":[{"href":"https:\/\/www.egemtv.com\/index.php?rest_route=%2Fwp%2Fv2%2Fmedia&parent=35567"}],"wp:term":[{"taxonomy":"category","embeddable":true,"href":"https:\/\/www.egemtv.com\/index.php?rest_route=%2Fwp%2Fv2%2Fcategories&post=35567"},{"taxonomy":"post_tag","embeddable":true,"href":"https:\/\/www.egemtv.com\/index.php?rest_route=%2Fwp%2Fv2%2Ftags&post=35567"}],"curies":[{"name":"wp","href":"https:\/\/api.w.org\/{rel}","templated":true}]}}