{"id":35564,"date":"2025-06-16T16:16:28","date_gmt":"2025-06-16T13:16:28","guid":{"rendered":"https:\/\/www.egemtv.com\/?p=35564"},"modified":"2025-06-16T16:16:32","modified_gmt":"2025-06-16T13:16:32","slug":"ayesobun-baskan-vekilleri-belli-oldu","status":"publish","type":"post","link":"https:\/\/www.egemtv.com\/?p=35564","title":{"rendered":"AYESOB\u2019un ba\u015fkan vekilleri belli oldu"},"content":{"rendered":"<p>AYESOB\u2019da yap\u0131lan ola\u011fan\u00fcst\u00fc toplant\u0131da birli\u011fin yeni ba\u015fkan vekilleri tecr\u00fcbeli ba\u015fkanlar Y\u00fcksel Sabanc\u0131 ve Salih Kozal\u0131 oldu. Birlik Ba\u015fkan Vekilli\u011fi g\u00f6revinden istifa eden U\u011fur Anbarl\u0131\u2019n\u0131n istifas\u0131yla bo\u015falan y\u00f6netim kurulu \u00fcyeli\u011fine Karpuzlu Esnaf Odas\u0131 Ba\u015fkan\u0131 Musa Ka\u00e7an getirildi.<br \/>\n<br \/>Ayd\u0131n Esnaf ve Sanatk\u00e2rlar Odalar\u0131 Birli\u011fi (AYESOB) Y\u00f6netim Kurulu, Ba\u015fkan Muhammet Ali K\u00fcnk\u00e7\u00fc ba\u015fkanl\u0131\u011f\u0131nda ola\u011fan\u00fcst\u00fc topland\u0131. Toplant\u0131da, y\u00f6netim kadrosunda \u00f6nemli de\u011fi\u015fiklikler yap\u0131ld\u0131. Ge\u00e7ti\u011fimiz g\u00fcnlerde AYESOB ba\u015fkan vekilli\u011fi g\u00f6revinden istifa eden Ayd\u0131n Kahveciler Odas\u0131 Ba\u015fkan\u0131 U\u011fur Anbarl\u0131\u2019n\u0131n istifas\u0131 kabul edilirken, yerine T\u00fcrkiye Terziler Federasyonu Y\u00f6netim Kurulu \u00dcyesi olan Ayd\u0131n Terziler Odas\u0131 Ba\u015fkan\u0131 ve AYESOB Y\u00f6netim Kurulu \u00dcyesi Y\u00fcksel Sabanc\u0131 oy birli\u011fiyle ba\u015fkan vekili olarak se\u00e7ildi. AYESOB y\u00f6netiminde d\u00f6n\u00fc\u015f\u00fcml\u00fc olarak s\u00fcrd\u00fcr\u00fclen ba\u015fkan vekilli\u011fi sisteminde de n\u00f6bet de\u011fi\u015fimi ya\u015fand\u0131. G\u00f6rev s\u00fcresi dolan mevcut ba\u015fkan vekili S\u00f6ke Demirciler ve Madeni E\u015fya Sanatkarlar\u0131 Esnaf Odas\u0131 Ba\u015fkan\u0131 Ahmet Tokmako\u011flu\u2019nun yerine, bu kez 24 y\u0131ld\u0131r B\u0131y\u0131kl\u0131 Esnaf ve Sanatk\u00e2rlar Kredi ve Kefalet Kooperatifi Ba\u015fkanl\u0131\u011f\u0131 g\u00f6revini y\u00fcr\u00fcten AYESOB Y\u00f6netim Kurulu \u00dcyesi Salih Kozal\u0131 getirildi.<br \/>\n<br \/>U\u011fur Anbarl\u0131\u2019n\u0131n istifas\u0131yla bo\u015falan y\u00f6netim kurulu \u00fcyeli\u011fi i\u00e7in ise, yedek \u00fcyeler aras\u0131ndan Karpuzlu Esnaf Odas\u0131 Ba\u015fkan\u0131 Musa Ka\u00e7an asil \u00fcyeli\u011fe al\u0131nd\u0131. Ka\u00e7an, ilk kez AYESOB y\u00f6netim kurulunda g\u00f6rev yapacak.<br \/>\n<br \/>Toplant\u0131 sonras\u0131 a\u00e7\u0131klama yapan AYESOB Ba\u015fkan\u0131 Muhammet Ali K\u00fcnk\u00e7\u00fc, yap\u0131lan de\u011fi\u015fikliklerin kurumsal yap\u0131y\u0131 daha da g\u00fc\u00e7lendirece\u011fini belirterek, &#8220;G\u00f6rev payla\u015f\u0131m\u0131m\u0131z\u0131 birlik ve uzla\u015f\u0131 i\u00e7erisinde ger\u00e7ekle\u015ftirdik. Al\u0131nan kararlar\u0131n camiam\u0131za hay\u0131rl\u0131 olmas\u0131n\u0131 temenni ediyorum&#8221; dedi.<br \/><\/p>\n","protected":false},"excerpt":{"rendered":"<p>AYESOB\u2019da yap\u0131lan ola\u011fan\u00fcst\u00fc toplant\u0131da birli\u011fin yeni ba\u015fkan vekilleri tecr\u00fcbeli ba\u015fkanlar Y\u00fcksel Sabanc\u0131 ve Salih Kozal\u0131 oldu. Birlik Ba\u015fkan Vekilli\u011fi g\u00f6revinden istifa eden U\u011fur Anbarl\u0131\u2019n\u0131n istifas\u0131yla bo\u015falan y\u00f6netim kurulu \u00fcyeli\u011fine Karpuzlu Esnaf Odas\u0131 Ba\u015fkan\u0131 Musa Ka\u00e7an getirildi. Ayd\u0131n Esnaf ve Sanatk\u00e2rlar Odalar\u0131 Birli\u011fi (AYESOB) Y\u00f6netim Kurulu, Ba\u015fkan Muhammet Ali K\u00fcnk\u00e7\u00fc ba\u015fkanl\u0131\u011f\u0131nda ola\u011fan\u00fcst\u00fc topland\u0131. Toplant\u0131da, y\u00f6netim kadrosunda&#8230;<\/p>\n","protected":false},"author":1,"featured_media":35565,"comment_status":"open","ping_status":"open","sticky":false,"template":"","format":"standard","meta":{"_crdt_document":"","footnotes":""},"categories":[1],"tags":[],"class_list":["post-35564","post","type-post","status-publish","format-standard","has-post-thumbnail","hentry","category-guncel"],"_links":{"self":[{"href":"https:\/\/www.egemtv.com\/index.php?rest_route=\/wp\/v2\/posts\/35564","targetHints":{"allow":["GET"]}}],"collection":[{"href":"https:\/\/www.egemtv.com\/index.php?rest_route=\/wp\/v2\/posts"}],"about":[{"href":"https:\/\/www.egemtv.com\/index.php?rest_route=\/wp\/v2\/types\/post"}],"author":[{"embeddable":true,"href":"https:\/\/www.egemtv.com\/index.php?rest_route=\/wp\/v2\/users\/1"}],"replies":[{"embeddable":true,"href":"https:\/\/www.egemtv.com\/index.php?rest_route=%2Fwp%2Fv2%2Fcomments&post=35564"}],"version-history":[{"count":1,"href":"https:\/\/www.egemtv.com\/index.php?rest_route=\/wp\/v2\/posts\/35564\/revisions"}],"predecessor-version":[{"id":35566,"href":"https:\/\/www.egemtv.com\/index.php?rest_route=\/wp\/v2\/posts\/35564\/revisions\/35566"}],"wp:featuredmedia":[{"embeddable":true,"href":"https:\/\/www.egemtv.com\/index.php?rest_route=\/wp\/v2\/media\/35565"}],"wp:attachment":[{"href":"https:\/\/www.egemtv.com\/index.php?rest_route=%2Fwp%2Fv2%2Fmedia&parent=35564"}],"wp:term":[{"taxonomy":"category","embeddable":true,"href":"https:\/\/www.egemtv.com\/index.php?rest_route=%2Fwp%2Fv2%2Fcategories&post=35564"},{"taxonomy":"post_tag","embeddable":true,"href":"https:\/\/www.egemtv.com\/index.php?rest_route=%2Fwp%2Fv2%2Ftags&post=35564"}],"curies":[{"name":"wp","href":"https:\/\/api.w.org\/{rel}","templated":true}]}}