{"id":35561,"date":"2025-06-16T16:16:23","date_gmt":"2025-06-16T13:16:23","guid":{"rendered":"https:\/\/www.egemtv.com\/?p=35561"},"modified":"2025-06-16T16:16:28","modified_gmt":"2025-06-16T13:16:28","slug":"bodrum-turkbuku-yangini-kontrol-altina-alindi","status":"publish","type":"post","link":"https:\/\/www.egemtv.com\/?p=35561","title":{"rendered":"Bodrum T\u00fcrkb\u00fck\u00fc yang\u0131n\u0131 kontrol alt\u0131na al\u0131nd\u0131"},"content":{"rendered":"<p>Mu\u011fla\u2019n\u0131n Bodrum il\u00e7esi T\u00fcrkb\u00fck\u00fc Mahallesinde makilik alanda ba\u015flayan yang\u0131n havadan ve karadan m\u00fcdahale ile kontrol alt\u0131na al\u0131nd\u0131.<\/p>\n<p>Bodrum T\u00fcrkb\u00fck\u00fc Mezarl\u0131k \u00fcst taraf\u0131nda makilik alanda ba\u015flayan yang\u0131n r\u00fczgar\u0131n da etkisi ile b\u00fcy\u00fcd\u00fc. Yang\u0131na havadan ve karadan ekipler m\u00fcdahalede bulundu. Mu\u011fla Orman B\u00f6lge M\u00fcd\u00fcrl\u00fc\u011f\u00fc\u2019ne ba\u011fl\u0131 yer ve hava ara\u00e7lar\u0131 yan\u0131nda Mu\u011fla B\u00fcy\u00fck\u015fehir Belediyesi Bodrum \u0130tfaiye ekipleri ekipleri de yang\u0131na karadan m\u00fcdahale etti. Ekiplerin yo\u011fun m\u00fcdahalesinin ard\u0131ndan yang\u0131n kontrol alt\u0131na al\u0131n\u0131rken, b\u00f6lgede so\u011futma \u00e7al\u0131\u015fmalar\u0131n\u0131n devam etti\u011fi \u00f6\u011frenildi.<br \/><\/p>\n","protected":false},"excerpt":{"rendered":"<p>Mu\u011fla\u2019n\u0131n Bodrum il\u00e7esi T\u00fcrkb\u00fck\u00fc Mahallesinde makilik alanda ba\u015flayan yang\u0131n havadan ve karadan m\u00fcdahale ile kontrol alt\u0131na al\u0131nd\u0131. Bodrum T\u00fcrkb\u00fck\u00fc Mezarl\u0131k \u00fcst taraf\u0131nda makilik alanda ba\u015flayan yang\u0131n r\u00fczgar\u0131n da etkisi ile b\u00fcy\u00fcd\u00fc. Yang\u0131na havadan ve karadan ekipler m\u00fcdahalede bulundu. Mu\u011fla Orman B\u00f6lge M\u00fcd\u00fcrl\u00fc\u011f\u00fc\u2019ne ba\u011fl\u0131 yer ve hava ara\u00e7lar\u0131 yan\u0131nda Mu\u011fla B\u00fcy\u00fck\u015fehir Belediyesi Bodrum \u0130tfaiye ekipleri ekipleri&#8230;<\/p>\n","protected":false},"author":1,"featured_media":35562,"comment_status":"open","ping_status":"open","sticky":false,"template":"","format":"standard","meta":{"_crdt_document":"","footnotes":""},"categories":[5],"tags":[],"class_list":["post-35561","post","type-post","status-publish","format-standard","has-post-thumbnail","hentry","category-asayis"],"_links":{"self":[{"href":"https:\/\/www.egemtv.com\/index.php?rest_route=\/wp\/v2\/posts\/35561","targetHints":{"allow":["GET"]}}],"collection":[{"href":"https:\/\/www.egemtv.com\/index.php?rest_route=\/wp\/v2\/posts"}],"about":[{"href":"https:\/\/www.egemtv.com\/index.php?rest_route=\/wp\/v2\/types\/post"}],"author":[{"embeddable":true,"href":"https:\/\/www.egemtv.com\/index.php?rest_route=\/wp\/v2\/users\/1"}],"replies":[{"embeddable":true,"href":"https:\/\/www.egemtv.com\/index.php?rest_route=%2Fwp%2Fv2%2Fcomments&post=35561"}],"version-history":[{"count":1,"href":"https:\/\/www.egemtv.com\/index.php?rest_route=\/wp\/v2\/posts\/35561\/revisions"}],"predecessor-version":[{"id":35563,"href":"https:\/\/www.egemtv.com\/index.php?rest_route=\/wp\/v2\/posts\/35561\/revisions\/35563"}],"wp:featuredmedia":[{"embeddable":true,"href":"https:\/\/www.egemtv.com\/index.php?rest_route=\/wp\/v2\/media\/35562"}],"wp:attachment":[{"href":"https:\/\/www.egemtv.com\/index.php?rest_route=%2Fwp%2Fv2%2Fmedia&parent=35561"}],"wp:term":[{"taxonomy":"category","embeddable":true,"href":"https:\/\/www.egemtv.com\/index.php?rest_route=%2Fwp%2Fv2%2Fcategories&post=35561"},{"taxonomy":"post_tag","embeddable":true,"href":"https:\/\/www.egemtv.com\/index.php?rest_route=%2Fwp%2Fv2%2Ftags&post=35561"}],"curies":[{"name":"wp","href":"https:\/\/api.w.org\/{rel}","templated":true}]}}