{"id":35558,"date":"2025-06-16T15:57:18","date_gmt":"2025-06-16T12:57:18","guid":{"rendered":"https:\/\/www.egemtv.com\/?p=35558"},"modified":"2025-06-16T15:57:24","modified_gmt":"2025-06-16T12:57:24","slug":"mugla-buyuksehir-belediyesinden-ferdi-zeyrek-anisina-lokma-hayri","status":"publish","type":"post","link":"https:\/\/www.egemtv.com\/?p=35558","title":{"rendered":"Mu\u011fla B\u00fcy\u00fck\u015fehir Belediyesi\u2019nden Ferdi Zeyrek an\u0131s\u0131na lokma hayr\u0131"},"content":{"rendered":"<p>Manisa B\u00fcy\u00fck\u015fehir Belediye Ba\u015fkan\u0131 Ferdi Zeyrek\u2019in vefat\u0131n\u0131n ard\u0131ndan Mu\u011fla B\u00fcy\u00fck\u015fehir Belediyesi taraf\u0131ndan merhum ba\u015fkan\u0131n an\u0131s\u0131na lokma hayr\u0131 d\u00fczenlendi. Kur\u015funlu Cami \u00f6n\u00fcnde d\u00fczenlenen lokma hayr\u0131na K\u0131y\u0131 Ege Belediyeler Birli\u011fi ve Mu\u011fla B\u00fcy\u00fck\u015fehir Belediye Ba\u015fkan\u0131 Ahmet Aras, vatanda\u015flar ve belediye \u00e7al\u0131\u015fanlar\u0131 kat\u0131ld\u0131.<br \/>\n<br \/>6 Haziran 2025 tarihinde, evindeki havuzun elektrik sisteminde meydana gelen ar\u0131zay\u0131 kontrol etmeye \u00e7al\u0131\u015f\u0131rken elektrik ak\u0131m\u0131na kap\u0131larak a\u011f\u0131r yaralanan Ferdi Zeyrek, kald\u0131r\u0131ld\u0131\u011f\u0131 hastanede 9 Haziran\u2019da kalp durmas\u0131 sonucu 48 ya\u015f\u0131nda hayat\u0131n\u0131 kaybetti.<br \/>\n<br \/>Ba\u015fkan Aras: &#8220;\u00c7ok iyi anla\u015ft\u0131\u011f\u0131m arkada\u015f\u0131m\u0131 kaybettim&#8221;<br \/>\n<br \/>Lokma hayr\u0131nda konu\u015fan Ba\u015fkan Aras, gen\u00e7 ya\u015fta hayat\u0131n\u0131 kaybeden Manisa B\u00fcy\u00fck\u015fehir Belediye Ba\u015fkan\u0131 Ferdi Zeyrek i\u00e7in \u00fcz\u00fcnt\u00fcs\u00fcn\u00fc dile getirerek \u015fu ifadeleri kulland\u0131:<br \/>\n<br \/>&#8220;\u00c7ok iyi anla\u015ft\u0131\u011f\u0131m bir arkada\u015f\u0131m\u0131 kaybettim. Gen\u00e7 ya\u015fta aram\u0131zdan ayr\u0131ld\u0131. Ege B\u00f6lgemizin sevgilisiydi. Bug\u00fcn Ferdi Zeyrek karde\u015fimiz i\u00e7in Kur\u015funlu Cami \u00f6n\u00fcnde lokma d\u00f6k\u00fcyoruz, onun an\u0131s\u0131na dua ediyoruz. Ferdi, \u00e7ocuklar\u0131n, gen\u00e7lerin ve her ya\u015ftan insan\u0131n sevgilisiydi. K\u0131sa s\u00fcrede kendini sevdirmeyi ba\u015fard\u0131. \u0130n\u015fallah bizlere de b\u00f6yle bir u\u011furlanma nasip olur. Mu\u011flam\u0131z da, t\u00fcm T\u00fcrkiye gibi, b\u00fcy\u00fck bir \u00fcz\u00fcnt\u00fc i\u00e7inde. Ruhu \u015fad olsun. Sevenlerine ve Manisa\u2019m\u0131za Allah\u2019tan sab\u0131r diliyorum&#8221;<br \/><\/p>\n","protected":false},"excerpt":{"rendered":"<p>Manisa B\u00fcy\u00fck\u015fehir Belediye Ba\u015fkan\u0131 Ferdi Zeyrek\u2019in vefat\u0131n\u0131n ard\u0131ndan Mu\u011fla B\u00fcy\u00fck\u015fehir Belediyesi taraf\u0131ndan merhum ba\u015fkan\u0131n an\u0131s\u0131na lokma hayr\u0131 d\u00fczenlendi. Kur\u015funlu Cami \u00f6n\u00fcnde d\u00fczenlenen lokma hayr\u0131na K\u0131y\u0131 Ege Belediyeler Birli\u011fi ve Mu\u011fla B\u00fcy\u00fck\u015fehir Belediye Ba\u015fkan\u0131 Ahmet Aras, vatanda\u015flar ve belediye \u00e7al\u0131\u015fanlar\u0131 kat\u0131ld\u0131. 6 Haziran 2025 tarihinde, evindeki havuzun elektrik sisteminde meydana gelen ar\u0131zay\u0131 kontrol etmeye \u00e7al\u0131\u015f\u0131rken elektrik&#8230;<\/p>\n","protected":false},"author":1,"featured_media":35559,"comment_status":"open","ping_status":"open","sticky":false,"template":"","format":"standard","meta":{"_crdt_document":"","footnotes":""},"categories":[123],"tags":[],"class_list":["post-35558","post","type-post","status-publish","format-standard","has-post-thumbnail","hentry","category-gundem"],"_links":{"self":[{"href":"https:\/\/www.egemtv.com\/index.php?rest_route=\/wp\/v2\/posts\/35558","targetHints":{"allow":["GET"]}}],"collection":[{"href":"https:\/\/www.egemtv.com\/index.php?rest_route=\/wp\/v2\/posts"}],"about":[{"href":"https:\/\/www.egemtv.com\/index.php?rest_route=\/wp\/v2\/types\/post"}],"author":[{"embeddable":true,"href":"https:\/\/www.egemtv.com\/index.php?rest_route=\/wp\/v2\/users\/1"}],"replies":[{"embeddable":true,"href":"https:\/\/www.egemtv.com\/index.php?rest_route=%2Fwp%2Fv2%2Fcomments&post=35558"}],"version-history":[{"count":1,"href":"https:\/\/www.egemtv.com\/index.php?rest_route=\/wp\/v2\/posts\/35558\/revisions"}],"predecessor-version":[{"id":35560,"href":"https:\/\/www.egemtv.com\/index.php?rest_route=\/wp\/v2\/posts\/35558\/revisions\/35560"}],"wp:featuredmedia":[{"embeddable":true,"href":"https:\/\/www.egemtv.com\/index.php?rest_route=\/wp\/v2\/media\/35559"}],"wp:attachment":[{"href":"https:\/\/www.egemtv.com\/index.php?rest_route=%2Fwp%2Fv2%2Fmedia&parent=35558"}],"wp:term":[{"taxonomy":"category","embeddable":true,"href":"https:\/\/www.egemtv.com\/index.php?rest_route=%2Fwp%2Fv2%2Fcategories&post=35558"},{"taxonomy":"post_tag","embeddable":true,"href":"https:\/\/www.egemtv.com\/index.php?rest_route=%2Fwp%2Fv2%2Ftags&post=35558"}],"curies":[{"name":"wp","href":"https:\/\/api.w.org\/{rel}","templated":true}]}}