{"id":35555,"date":"2025-06-16T15:36:50","date_gmt":"2025-06-16T12:36:50","guid":{"rendered":"https:\/\/www.egemtv.com\/?p=35555"},"modified":"2025-06-16T15:36:55","modified_gmt":"2025-06-16T12:36:55","slug":"bodrum-turkbuku-yangini-ile-ilgili-bir-gozalti","status":"publish","type":"post","link":"https:\/\/www.egemtv.com\/?p=35555","title":{"rendered":"Bodrum T\u00fcrkb\u00fck\u00fc yang\u0131n\u0131 ile ilgili bir g\u00f6zalt\u0131"},"content":{"rendered":"<p>Mu\u011fla\u2019n\u0131n Bodrum il\u00e7esi T\u00fcrkb\u00fck\u00fc Mahallesinde makilik alanda ba\u015flayan yang\u0131na ekiplerin havadan ve karadan m\u00fcdahalesi devam ediyor. Yang\u0131n\u0131n bir in\u015faatta yap\u0131lan elektrik kayna\u011f\u0131ndan kaynakland\u0131\u011f\u0131 ileri s\u00fcr\u00fcld\u00fc.<br \/>\n<br \/>T\u00fcrkb\u00fck\u00fc Mezarl\u0131k \u00fcst taraf\u0131ndaki makilik alanda \u00f6\u011fle saatlerinde ba\u015flayan yang\u0131n r\u00fczgar\u0131n da etkisi ile b\u00fcy\u00fcrken b\u00f6lgeye takviye hava ara\u00e7lar\u0131 g\u00f6nderildi. Yang\u0131na havadan 3 u\u00e7ak ve 5 helikopter, karadan ise 10 araz\u00f6z, su tankeri ve 60 personel m\u00fcdahale ediyor.<br \/>\n<br \/>Tepe noktalara ula\u015fan yang\u0131n\u0131 s\u00f6nd\u00fcrme \u00e7al\u0131\u015fmalar\u0131 aral\u0131ks\u0131z devam ederken, Bodrum \u0130l\u00e7e Jandarma Komutanl\u0131\u011f\u0131\u2019na ba\u011fl\u0131 ekipler yang\u0131n\u0131n \u00e7\u0131k\u0131\u015f nedeniyle ilgili bir in\u015faatta kaynak yapt\u0131\u011f\u0131 tespit edilen \u015f\u00fcpheliyi g\u00f6zalt\u0131na ald\u0131\u011f\u0131 ve yang\u0131n\u0131n yap\u0131lan kaynak sonucu otluk alandan makiye s\u0131\u00e7rad\u0131\u011f\u0131 \u00f6\u011frenildi.<br \/><\/p>\n","protected":false},"excerpt":{"rendered":"<p>Mu\u011fla\u2019n\u0131n Bodrum il\u00e7esi T\u00fcrkb\u00fck\u00fc Mahallesinde makilik alanda ba\u015flayan yang\u0131na ekiplerin havadan ve karadan m\u00fcdahalesi devam ediyor. Yang\u0131n\u0131n bir in\u015faatta yap\u0131lan elektrik kayna\u011f\u0131ndan kaynakland\u0131\u011f\u0131 ileri s\u00fcr\u00fcld\u00fc. T\u00fcrkb\u00fck\u00fc Mezarl\u0131k \u00fcst taraf\u0131ndaki makilik alanda \u00f6\u011fle saatlerinde ba\u015flayan yang\u0131n r\u00fczgar\u0131n da etkisi ile b\u00fcy\u00fcrken b\u00f6lgeye takviye hava ara\u00e7lar\u0131 g\u00f6nderildi. Yang\u0131na havadan 3 u\u00e7ak ve 5 helikopter, karadan ise 10&#8230;<\/p>\n","protected":false},"author":1,"featured_media":35556,"comment_status":"open","ping_status":"open","sticky":false,"template":"","format":"standard","meta":{"_crdt_document":"","footnotes":""},"categories":[5],"tags":[],"class_list":["post-35555","post","type-post","status-publish","format-standard","has-post-thumbnail","hentry","category-asayis"],"_links":{"self":[{"href":"https:\/\/www.egemtv.com\/index.php?rest_route=\/wp\/v2\/posts\/35555","targetHints":{"allow":["GET"]}}],"collection":[{"href":"https:\/\/www.egemtv.com\/index.php?rest_route=\/wp\/v2\/posts"}],"about":[{"href":"https:\/\/www.egemtv.com\/index.php?rest_route=\/wp\/v2\/types\/post"}],"author":[{"embeddable":true,"href":"https:\/\/www.egemtv.com\/index.php?rest_route=\/wp\/v2\/users\/1"}],"replies":[{"embeddable":true,"href":"https:\/\/www.egemtv.com\/index.php?rest_route=%2Fwp%2Fv2%2Fcomments&post=35555"}],"version-history":[{"count":1,"href":"https:\/\/www.egemtv.com\/index.php?rest_route=\/wp\/v2\/posts\/35555\/revisions"}],"predecessor-version":[{"id":35557,"href":"https:\/\/www.egemtv.com\/index.php?rest_route=\/wp\/v2\/posts\/35555\/revisions\/35557"}],"wp:featuredmedia":[{"embeddable":true,"href":"https:\/\/www.egemtv.com\/index.php?rest_route=\/wp\/v2\/media\/35556"}],"wp:attachment":[{"href":"https:\/\/www.egemtv.com\/index.php?rest_route=%2Fwp%2Fv2%2Fmedia&parent=35555"}],"wp:term":[{"taxonomy":"category","embeddable":true,"href":"https:\/\/www.egemtv.com\/index.php?rest_route=%2Fwp%2Fv2%2Fcategories&post=35555"},{"taxonomy":"post_tag","embeddable":true,"href":"https:\/\/www.egemtv.com\/index.php?rest_route=%2Fwp%2Fv2%2Ftags&post=35555"}],"curies":[{"name":"wp","href":"https:\/\/api.w.org\/{rel}","templated":true}]}}